{"id":4752,"date":"2022-03-11T17:50:30","date_gmt":"2022-03-11T20:50:30","guid":{"rendered":"https:\/\/fmnuestrasvoces.com.ar\/?p=4752"},"modified":"2022-03-11T17:50:30","modified_gmt":"2022-03-11T20:50:30","slug":"taller-de-formacion-para-el-armado-conduccion-y-operacion-de-un-programa-radial","status":"publish","type":"post","link":"https:\/\/fmnuestrasvoces.com.ar\/fmnv\/taller-de-formacion-para-el-armado-conduccion-y-operacion-de-un-programa-radial\/","title":{"rendered":"Taller de formaci\u00f3n para el armado, conducci\u00f3n y operaci\u00f3n de un programa radial"},"content":{"rendered":"\n<p><strong>Taller de formaci\u00f3n para el armado, conducci\u00f3n y operaci\u00f3n de un programa radial<\/strong><\/p>\n\n\n\n<p><strong>\u201c\u00bfC\u00f3mo armar y realizar un programa de radio?\u201d.<\/strong><\/p>\n\n\n\n<p>Taller de formaci\u00f3n para el armado, conducci\u00f3n y operaci\u00f3n de un programa radial \u201c\u00bfC\u00f3mo armar y realizar un programa de radio?\u201d<\/p>\n\n\n\n<p>\uf5a5&#xfe0f; Modalidad Virtual (con una pr\u00e1ctica presencial optativa)<br \/>\uf5d3&#xfe0f; 9 encuentros los s\u00e1bados a las 16.00 hs<br \/>\uf514 Comienza el s\u00e1bado 19 de marzo<\/p>\n\n\n\n<p>Dirigido a docentes y estudiantes de comunicaci\u00f3n y a toda persona con ganas de hacer radio.<\/p>\n\n\n\n<p>Equipo Docente: Elo\u00edsa Dougherty, Yolanda Dips, Sebasti\u00e1n Casal, Silvana Mar\u00edn y Diana Ancao<\/p>\n\n\n\n<div class=\"wp-block-buttons is-layout-flex wp-block-buttons-is-layout-flex\">\n<div class=\"wp-block-button aligncenter\"><a class=\"wp-block-button__link\" href=\"https:\/\/fmnuestrasvoces.com.ar\/fmnv\/wp-content\/uploads\/2022\/03\/PROG.-FOR.-IF-2020-83934305-APN-DNFYDENACOM.pdf\"><strong>Descargar programa del taller de formaci\u00f3n<\/strong><\/a><\/div>\n<\/div>\n\n\n\n<p>Taller concursado en FOMECA, organizado por la Asociaci\u00f3n Civil Uni\u00f3n por los Derechos Humanos, UDH, con la colaboraci\u00f3n de FM Nuestras Voces y SUTEF-CeFEP.<\/p>\n\n\n\n<p>Agradecemos por el acompa\u00f1amiento a este proyecto a los compa\u00f1eros y compa\u00f1eras de: ENACOM-FOMECA y la Defensor\u00eda del P\u00fablico de la Naci\u00f3n .<\/p>\n\n\n\n<p>Resoluci\u00f3n ministerial de inter\u00e9s educativo en tr\u00e1mite.<\/p>\n\n\n\n<p><strong>Gratuito con cupos limitados. Inscribite:&nbsp;<\/strong><\/p>\n\n\n\n<center><iframe src=\"https:\/\/docs.google.com\/forms\/d\/e\/1FAIpQLSdGfhrtRuUe4emeXCLC_EHORnct50W5BP_aHaFsN9AcfngZ8w\/viewform?embedded=true\" marginheight=\"0\" marginwidth=\"0\" width=\"640\" height=\"1563\" frameborder=\"0\">Cargando\u2026<\/iframe><\/center>\n","protected":false},"excerpt":{"rendered":"<p>Taller de formaci\u00f3n para el armado, conducci\u00f3n y operaci\u00f3n de un programa radial \u201c\u00bfC\u00f3mo armar y realizar un programa de radio?\u201d. Taller de formaci\u00f3n para el armado, conducci\u00f3n y operaci\u00f3n de un programa radial \u201c\u00bfC\u00f3mo armar y realizar un programa de radio?\u201d \uf5a5&#xfe0f; Modalidad Virtual (con una pr\u00e1ctica presencial optativa)\uf5d3&#xfe0f; 9 encuentros los s\u00e1bados a [&hellip;]<\/p>\n","protected":false},"author":2,"featured_media":4754,"comment_status":"closed","ping_status":"closed","sticky":false,"template":"","format":"standard","meta":{"_jetpack_memberships_contains_paid_content":false,"footnotes":""},"categories":[87],"tags":[],"class_list":["post-4752","post","type-post","status-publish","format-standard","has-post-thumbnail","hentry","category-formacion"],"yoast_head":"<!-- This site is optimized with the Yoast SEO plugin v25.6 - https:\/\/yoast.com\/wordpress\/plugins\/seo\/ -->\n<title>Taller de formaci\u00f3n para el armado, conducci\u00f3n y operaci\u00f3n de un programa radial - FM Nuestras Voces<\/title>\n<meta name=\"robots\" content=\"index, follow, max-snippet:-1, max-image-preview:large, max-video-preview:-1\" \/>\n<link rel=\"canonical\" href=\"https:\/\/fmnuestrasvoces.com.ar\/fmnv\/taller-de-formacion-para-el-armado-conduccion-y-operacion-de-un-programa-radial\/\" \/>\n<meta property=\"og:locale\" content=\"es_ES\" \/>\n<meta property=\"og:type\" content=\"article\" \/>\n<meta property=\"og:title\" content=\"Taller de formaci\u00f3n para el armado, conducci\u00f3n y operaci\u00f3n de un programa radial - FM Nuestras Voces\" \/>\n<meta property=\"og:description\" content=\"Taller de formaci\u00f3n para el armado, conducci\u00f3n y operaci\u00f3n de un programa radial \u201c\u00bfC\u00f3mo armar y realizar un programa de radio?\u201d. Taller de formaci\u00f3n para el armado, conducci\u00f3n y operaci\u00f3n de un programa radial \u201c\u00bfC\u00f3mo armar y realizar un programa de radio?\u201d \uf5a5&#xfe0f; Modalidad Virtual (con una pr\u00e1ctica presencial optativa)\uf5d3&#xfe0f; 9 encuentros los s\u00e1bados a [&hellip;]\" \/>\n<meta property=\"og:url\" content=\"https:\/\/fmnuestrasvoces.com.ar\/fmnv\/taller-de-formacion-para-el-armado-conduccion-y-operacion-de-un-programa-radial\/\" \/>\n<meta property=\"og:site_name\" content=\"FM Nuestras Voces\" \/>\n<meta property=\"article:published_time\" content=\"2022-03-11T20:50:30+00:00\" \/>\n<meta property=\"og:image\" content=\"https:\/\/i0.wp.com\/fmnuestrasvoces.com.ar\/fmnv\/wp-content\/uploads\/2022\/03\/11-03-2021-Taller-radio.jpg?fit=1200%2C1200&ssl=1\" \/>\n\t<meta property=\"og:image:width\" content=\"1200\" \/>\n\t<meta property=\"og:image:height\" content=\"1200\" \/>\n\t<meta property=\"og:image:type\" content=\"image\/jpeg\" \/>\n<meta name=\"author\" content=\"fmnv\" \/>\n<meta name=\"twitter:card\" content=\"summary_large_image\" \/>\n<meta name=\"twitter:label1\" content=\"Escrito por\" \/>\n\t<meta name=\"twitter:data1\" content=\"fmnv\" \/>\n\t<meta name=\"twitter:label2\" content=\"Tiempo de lectura\" \/>\n\t<meta name=\"twitter:data2\" content=\"1 minuto\" \/>\n<script type=\"application\/ld+json\" class=\"yoast-schema-graph\">{\"@context\":\"https:\/\/schema.org\",\"@graph\":[{\"@type\":\"Article\",\"@id\":\"https:\/\/fmnuestrasvoces.com.ar\/fmnv\/taller-de-formacion-para-el-armado-conduccion-y-operacion-de-un-programa-radial\/#article\",\"isPartOf\":{\"@id\":\"https:\/\/fmnuestrasvoces.com.ar\/fmnv\/taller-de-formacion-para-el-armado-conduccion-y-operacion-de-un-programa-radial\/\"},\"author\":{\"name\":\"fmnv\",\"@id\":\"https:\/\/fmnuestrasvoces.com.ar\/fmnv\/#\/schema\/person\/46c854550d525ce0ebcb057864474dfb\"},\"headline\":\"Taller de formaci\u00f3n para el armado, conducci\u00f3n y operaci\u00f3n de un programa radial\",\"datePublished\":\"2022-03-11T20:50:30+00:00\",\"mainEntityOfPage\":{\"@id\":\"https:\/\/fmnuestrasvoces.com.ar\/fmnv\/taller-de-formacion-para-el-armado-conduccion-y-operacion-de-un-programa-radial\/\"},\"wordCount\":203,\"publisher\":{\"@id\":\"https:\/\/fmnuestrasvoces.com.ar\/fmnv\/#organization\"},\"image\":{\"@id\":\"https:\/\/fmnuestrasvoces.com.ar\/fmnv\/taller-de-formacion-para-el-armado-conduccion-y-operacion-de-un-programa-radial\/#primaryimage\"},\"thumbnailUrl\":\"https:\/\/i0.wp.com\/fmnuestrasvoces.com.ar\/fmnv\/wp-content\/uploads\/2022\/03\/11-03-2021-Taller-radio.jpg?fit=1200%2C1200&ssl=1\",\"articleSection\":[\"Formaci\u00f3n\"],\"inLanguage\":\"es\"},{\"@type\":\"WebPage\",\"@id\":\"https:\/\/fmnuestrasvoces.com.ar\/fmnv\/taller-de-formacion-para-el-armado-conduccion-y-operacion-de-un-programa-radial\/\",\"url\":\"https:\/\/fmnuestrasvoces.com.ar\/fmnv\/taller-de-formacion-para-el-armado-conduccion-y-operacion-de-un-programa-radial\/\",\"name\":\"Taller de formaci\u00f3n para el armado, conducci\u00f3n y operaci\u00f3n de un programa radial - FM Nuestras Voces\",\"isPartOf\":{\"@id\":\"https:\/\/fmnuestrasvoces.com.ar\/fmnv\/#website\"},\"primaryImageOfPage\":{\"@id\":\"https:\/\/fmnuestrasvoces.com.ar\/fmnv\/taller-de-formacion-para-el-armado-conduccion-y-operacion-de-un-programa-radial\/#primaryimage\"},\"image\":{\"@id\":\"https:\/\/fmnuestrasvoces.com.ar\/fmnv\/taller-de-formacion-para-el-armado-conduccion-y-operacion-de-un-programa-radial\/#primaryimage\"},\"thumbnailUrl\":\"https:\/\/i0.wp.com\/fmnuestrasvoces.com.ar\/fmnv\/wp-content\/uploads\/2022\/03\/11-03-2021-Taller-radio.jpg?fit=1200%2C1200&ssl=1\",\"datePublished\":\"2022-03-11T20:50:30+00:00\",\"breadcrumb\":{\"@id\":\"https:\/\/fmnuestrasvoces.com.ar\/fmnv\/taller-de-formacion-para-el-armado-conduccion-y-operacion-de-un-programa-radial\/#breadcrumb\"},\"inLanguage\":\"es\",\"potentialAction\":[{\"@type\":\"ReadAction\",\"target\":[\"https:\/\/fmnuestrasvoces.com.ar\/fmnv\/taller-de-formacion-para-el-armado-conduccion-y-operacion-de-un-programa-radial\/\"]}]},{\"@type\":\"ImageObject\",\"inLanguage\":\"es\",\"@id\":\"https:\/\/fmnuestrasvoces.com.ar\/fmnv\/taller-de-formacion-para-el-armado-conduccion-y-operacion-de-un-programa-radial\/#primaryimage\",\"url\":\"https:\/\/i0.wp.com\/fmnuestrasvoces.com.ar\/fmnv\/wp-content\/uploads\/2022\/03\/11-03-2021-Taller-radio.jpg?fit=1200%2C1200&ssl=1\",\"contentUrl\":\"https:\/\/i0.wp.com\/fmnuestrasvoces.com.ar\/fmnv\/wp-content\/uploads\/2022\/03\/11-03-2021-Taller-radio.jpg?fit=1200%2C1200&ssl=1\",\"width\":1200,\"height\":1200},{\"@type\":\"BreadcrumbList\",\"@id\":\"https:\/\/fmnuestrasvoces.com.ar\/fmnv\/taller-de-formacion-para-el-armado-conduccion-y-operacion-de-un-programa-radial\/#breadcrumb\",\"itemListElement\":[{\"@type\":\"ListItem\",\"position\":1,\"name\":\"Portada\",\"item\":\"https:\/\/fmnuestrasvoces.com.ar\/fmnv\/\"},{\"@type\":\"ListItem\",\"position\":2,\"name\":\"Taller de formaci\u00f3n para el armado, conducci\u00f3n y operaci\u00f3n de un programa radial\"}]},{\"@type\":\"WebSite\",\"@id\":\"https:\/\/fmnuestrasvoces.com.ar\/fmnv\/#website\",\"url\":\"https:\/\/fmnuestrasvoces.com.ar\/fmnv\/\",\"name\":\"FM Nuestras Voces\",\"description\":\"La radio comunitaria de Tierra del Fuego, Ant\u00e1rtida e Islas del Atl\u00e1ntico Sur\",\"publisher\":{\"@id\":\"https:\/\/fmnuestrasvoces.com.ar\/fmnv\/#organization\"},\"potentialAction\":[{\"@type\":\"SearchAction\",\"target\":{\"@type\":\"EntryPoint\",\"urlTemplate\":\"https:\/\/fmnuestrasvoces.com.ar\/fmnv\/?s={search_term_string}\"},\"query-input\":{\"@type\":\"PropertyValueSpecification\",\"valueRequired\":true,\"valueName\":\"search_term_string\"}}],\"inLanguage\":\"es\"},{\"@type\":\"Organization\",\"@id\":\"https:\/\/fmnuestrasvoces.com.ar\/fmnv\/#organization\",\"name\":\"FM Nuestras Voces\",\"url\":\"https:\/\/fmnuestrasvoces.com.ar\/fmnv\/\",\"logo\":{\"@type\":\"ImageObject\",\"inLanguage\":\"es\",\"@id\":\"https:\/\/fmnuestrasvoces.com.ar\/fmnv\/#\/schema\/logo\/image\/\",\"url\":\"https:\/\/fmnuestrasvoces.com.ar\/fmnv\/wp-content\/uploads\/2024\/02\/Logo-1.svg\",\"contentUrl\":\"https:\/\/fmnuestrasvoces.com.ar\/fmnv\/wp-content\/uploads\/2024\/02\/Logo-1.svg\",\"width\":864,\"height\":268,\"caption\":\"FM Nuestras Voces\"},\"image\":{\"@id\":\"https:\/\/fmnuestrasvoces.com.ar\/fmnv\/#\/schema\/logo\/image\/\"}},{\"@type\":\"Person\",\"@id\":\"https:\/\/fmnuestrasvoces.com.ar\/fmnv\/#\/schema\/person\/46c854550d525ce0ebcb057864474dfb\",\"name\":\"fmnv\",\"image\":{\"@type\":\"ImageObject\",\"inLanguage\":\"es\",\"@id\":\"https:\/\/fmnuestrasvoces.com.ar\/fmnv\/#\/schema\/person\/image\/\",\"url\":\"https:\/\/secure.gravatar.com\/avatar\/66e61dcdc70b762f1f37822f172abe7f31cbb438813bb6fc6bdb8022a5f9adbe?s=96&d=mm&r=g\",\"contentUrl\":\"https:\/\/secure.gravatar.com\/avatar\/66e61dcdc70b762f1f37822f172abe7f31cbb438813bb6fc6bdb8022a5f9adbe?s=96&d=mm&r=g\",\"caption\":\"fmnv\"},\"url\":\"https:\/\/fmnuestrasvoces.com.ar\/fmnv\/author\/fmnv2021\/\"}]}<\/script>\n<!-- \/ Yoast SEO plugin. -->","yoast_head_json":{"title":"Taller de formaci\u00f3n para el armado, conducci\u00f3n y operaci\u00f3n de un programa radial - FM Nuestras Voces","robots":{"index":"index","follow":"follow","max-snippet":"max-snippet:-1","max-image-preview":"max-image-preview:large","max-video-preview":"max-video-preview:-1"},"canonical":"https:\/\/fmnuestrasvoces.com.ar\/fmnv\/taller-de-formacion-para-el-armado-conduccion-y-operacion-de-un-programa-radial\/","og_locale":"es_ES","og_type":"article","og_title":"Taller de formaci\u00f3n para el armado, conducci\u00f3n y operaci\u00f3n de un programa radial - FM Nuestras Voces","og_description":"Taller de formaci\u00f3n para el armado, conducci\u00f3n y operaci\u00f3n de un programa radial \u201c\u00bfC\u00f3mo armar y realizar un programa de radio?\u201d. Taller de formaci\u00f3n para el armado, conducci\u00f3n y operaci\u00f3n de un programa radial \u201c\u00bfC\u00f3mo armar y realizar un programa de radio?\u201d \uf5a5&#xfe0f; Modalidad Virtual (con una pr\u00e1ctica presencial optativa)\uf5d3&#xfe0f; 9 encuentros los s\u00e1bados a [&hellip;]","og_url":"https:\/\/fmnuestrasvoces.com.ar\/fmnv\/taller-de-formacion-para-el-armado-conduccion-y-operacion-de-un-programa-radial\/","og_site_name":"FM Nuestras Voces","article_published_time":"2022-03-11T20:50:30+00:00","og_image":[{"width":1200,"height":1200,"url":"https:\/\/i0.wp.com\/fmnuestrasvoces.com.ar\/fmnv\/wp-content\/uploads\/2022\/03\/11-03-2021-Taller-radio.jpg?fit=1200%2C1200&ssl=1","type":"image\/jpeg"}],"author":"fmnv","twitter_card":"summary_large_image","twitter_misc":{"Escrito por":"fmnv","Tiempo de lectura":"1 minuto"},"schema":{"@context":"https:\/\/schema.org","@graph":[{"@type":"Article","@id":"https:\/\/fmnuestrasvoces.com.ar\/fmnv\/taller-de-formacion-para-el-armado-conduccion-y-operacion-de-un-programa-radial\/#article","isPartOf":{"@id":"https:\/\/fmnuestrasvoces.com.ar\/fmnv\/taller-de-formacion-para-el-armado-conduccion-y-operacion-de-un-programa-radial\/"},"author":{"name":"fmnv","@id":"https:\/\/fmnuestrasvoces.com.ar\/fmnv\/#\/schema\/person\/46c854550d525ce0ebcb057864474dfb"},"headline":"Taller de formaci\u00f3n para el armado, conducci\u00f3n y operaci\u00f3n de un programa radial","datePublished":"2022-03-11T20:50:30+00:00","mainEntityOfPage":{"@id":"https:\/\/fmnuestrasvoces.com.ar\/fmnv\/taller-de-formacion-para-el-armado-conduccion-y-operacion-de-un-programa-radial\/"},"wordCount":203,"publisher":{"@id":"https:\/\/fmnuestrasvoces.com.ar\/fmnv\/#organization"},"image":{"@id":"https:\/\/fmnuestrasvoces.com.ar\/fmnv\/taller-de-formacion-para-el-armado-conduccion-y-operacion-de-un-programa-radial\/#primaryimage"},"thumbnailUrl":"https:\/\/i0.wp.com\/fmnuestrasvoces.com.ar\/fmnv\/wp-content\/uploads\/2022\/03\/11-03-2021-Taller-radio.jpg?fit=1200%2C1200&ssl=1","articleSection":["Formaci\u00f3n"],"inLanguage":"es"},{"@type":"WebPage","@id":"https:\/\/fmnuestrasvoces.com.ar\/fmnv\/taller-de-formacion-para-el-armado-conduccion-y-operacion-de-un-programa-radial\/","url":"https:\/\/fmnuestrasvoces.com.ar\/fmnv\/taller-de-formacion-para-el-armado-conduccion-y-operacion-de-un-programa-radial\/","name":"Taller de formaci\u00f3n para el armado, conducci\u00f3n y operaci\u00f3n de un programa radial - FM Nuestras Voces","isPartOf":{"@id":"https:\/\/fmnuestrasvoces.com.ar\/fmnv\/#website"},"primaryImageOfPage":{"@id":"https:\/\/fmnuestrasvoces.com.ar\/fmnv\/taller-de-formacion-para-el-armado-conduccion-y-operacion-de-un-programa-radial\/#primaryimage"},"image":{"@id":"https:\/\/fmnuestrasvoces.com.ar\/fmnv\/taller-de-formacion-para-el-armado-conduccion-y-operacion-de-un-programa-radial\/#primaryimage"},"thumbnailUrl":"https:\/\/i0.wp.com\/fmnuestrasvoces.com.ar\/fmnv\/wp-content\/uploads\/2022\/03\/11-03-2021-Taller-radio.jpg?fit=1200%2C1200&ssl=1","datePublished":"2022-03-11T20:50:30+00:00","breadcrumb":{"@id":"https:\/\/fmnuestrasvoces.com.ar\/fmnv\/taller-de-formacion-para-el-armado-conduccion-y-operacion-de-un-programa-radial\/#breadcrumb"},"inLanguage":"es","potentialAction":[{"@type":"ReadAction","target":["https:\/\/fmnuestrasvoces.com.ar\/fmnv\/taller-de-formacion-para-el-armado-conduccion-y-operacion-de-un-programa-radial\/"]}]},{"@type":"ImageObject","inLanguage":"es","@id":"https:\/\/fmnuestrasvoces.com.ar\/fmnv\/taller-de-formacion-para-el-armado-conduccion-y-operacion-de-un-programa-radial\/#primaryimage","url":"https:\/\/i0.wp.com\/fmnuestrasvoces.com.ar\/fmnv\/wp-content\/uploads\/2022\/03\/11-03-2021-Taller-radio.jpg?fit=1200%2C1200&ssl=1","contentUrl":"https:\/\/i0.wp.com\/fmnuestrasvoces.com.ar\/fmnv\/wp-content\/uploads\/2022\/03\/11-03-2021-Taller-radio.jpg?fit=1200%2C1200&ssl=1","width":1200,"height":1200},{"@type":"BreadcrumbList","@id":"https:\/\/fmnuestrasvoces.com.ar\/fmnv\/taller-de-formacion-para-el-armado-conduccion-y-operacion-de-un-programa-radial\/#breadcrumb","itemListElement":[{"@type":"ListItem","position":1,"name":"Portada","item":"https:\/\/fmnuestrasvoces.com.ar\/fmnv\/"},{"@type":"ListItem","position":2,"name":"Taller de formaci\u00f3n para el armado, conducci\u00f3n y operaci\u00f3n de un programa radial"}]},{"@type":"WebSite","@id":"https:\/\/fmnuestrasvoces.com.ar\/fmnv\/#website","url":"https:\/\/fmnuestrasvoces.com.ar\/fmnv\/","name":"FM Nuestras Voces","description":"La radio comunitaria de Tierra del Fuego, Ant\u00e1rtida e Islas del Atl\u00e1ntico Sur","publisher":{"@id":"https:\/\/fmnuestrasvoces.com.ar\/fmnv\/#organization"},"potentialAction":[{"@type":"SearchAction","target":{"@type":"EntryPoint","urlTemplate":"https:\/\/fmnuestrasvoces.com.ar\/fmnv\/?s={search_term_string}"},"query-input":{"@type":"PropertyValueSpecification","valueRequired":true,"valueName":"search_term_string"}}],"inLanguage":"es"},{"@type":"Organization","@id":"https:\/\/fmnuestrasvoces.com.ar\/fmnv\/#organization","name":"FM Nuestras Voces","url":"https:\/\/fmnuestrasvoces.com.ar\/fmnv\/","logo":{"@type":"ImageObject","inLanguage":"es","@id":"https:\/\/fmnuestrasvoces.com.ar\/fmnv\/#\/schema\/logo\/image\/","url":"https:\/\/fmnuestrasvoces.com.ar\/fmnv\/wp-content\/uploads\/2024\/02\/Logo-1.svg","contentUrl":"https:\/\/fmnuestrasvoces.com.ar\/fmnv\/wp-content\/uploads\/2024\/02\/Logo-1.svg","width":864,"height":268,"caption":"FM Nuestras Voces"},"image":{"@id":"https:\/\/fmnuestrasvoces.com.ar\/fmnv\/#\/schema\/logo\/image\/"}},{"@type":"Person","@id":"https:\/\/fmnuestrasvoces.com.ar\/fmnv\/#\/schema\/person\/46c854550d525ce0ebcb057864474dfb","name":"fmnv","image":{"@type":"ImageObject","inLanguage":"es","@id":"https:\/\/fmnuestrasvoces.com.ar\/fmnv\/#\/schema\/person\/image\/","url":"https:\/\/secure.gravatar.com\/avatar\/66e61dcdc70b762f1f37822f172abe7f31cbb438813bb6fc6bdb8022a5f9adbe?s=96&d=mm&r=g","contentUrl":"https:\/\/secure.gravatar.com\/avatar\/66e61dcdc70b762f1f37822f172abe7f31cbb438813bb6fc6bdb8022a5f9adbe?s=96&d=mm&r=g","caption":"fmnv"},"url":"https:\/\/fmnuestrasvoces.com.ar\/fmnv\/author\/fmnv2021\/"}]}},"jetpack_featured_media_url":"https:\/\/i0.wp.com\/fmnuestrasvoces.com.ar\/fmnv\/wp-content\/uploads\/2022\/03\/11-03-2021-Taller-radio.jpg?fit=1200%2C1200&ssl=1","jetpack_shortlink":"https:\/\/wp.me\/pfy0zr-1eE","jetpack_sharing_enabled":true,"_links":{"self":[{"href":"https:\/\/fmnuestrasvoces.com.ar\/fmnv\/wp-json\/wp\/v2\/posts\/4752","targetHints":{"allow":["GET"]}}],"collection":[{"href":"https:\/\/fmnuestrasvoces.com.ar\/fmnv\/wp-json\/wp\/v2\/posts"}],"about":[{"href":"https:\/\/fmnuestrasvoces.com.ar\/fmnv\/wp-json\/wp\/v2\/types\/post"}],"author":[{"embeddable":true,"href":"https:\/\/fmnuestrasvoces.com.ar\/fmnv\/wp-json\/wp\/v2\/users\/2"}],"replies":[{"embeddable":true,"href":"https:\/\/fmnuestrasvoces.com.ar\/fmnv\/wp-json\/wp\/v2\/comments?post=4752"}],"version-history":[{"count":0,"href":"https:\/\/fmnuestrasvoces.com.ar\/fmnv\/wp-json\/wp\/v2\/posts\/4752\/revisions"}],"wp:featuredmedia":[{"embeddable":true,"href":"https:\/\/fmnuestrasvoces.com.ar\/fmnv\/wp-json\/wp\/v2\/media\/4754"}],"wp:attachment":[{"href":"https:\/\/fmnuestrasvoces.com.ar\/fmnv\/wp-json\/wp\/v2\/media?parent=4752"}],"wp:term":[{"taxonomy":"category","embeddable":true,"href":"https:\/\/fmnuestrasvoces.com.ar\/fmnv\/wp-json\/wp\/v2\/categories?post=4752"},{"taxonomy":"post_tag","embeddable":true,"href":"https:\/\/fmnuestrasvoces.com.ar\/fmnv\/wp-json\/wp\/v2\/tags?post=4752"}],"curies":[{"name":"wp","href":"https:\/\/api.w.org\/{rel}","templated":true}]}}