{"id":4777,"date":"2023-09-18T23:37:48","date_gmt":"2023-09-19T02:37:48","guid":{"rendered":"https:\/\/fmnuestrasvoces.com.ar\/?p=4777"},"modified":"2024-05-21T17:37:37","modified_gmt":"2024-05-21T17:37:37","slug":"los-que-se-oponen-a-que-los-trabajadores-no-paguemos-ganancia-estan-de-acuerdo-en-bajar-las-retenciones-o-eliminarlas-ruben-ruiz-secretario-general-apjgas","status":"publish","type":"post","link":"https:\/\/fmnuestrasvoces.com.ar\/fmnv\/los-que-se-oponen-a-que-los-trabajadores-no-paguemos-ganancia-estan-de-acuerdo-en-bajar-las-retenciones-o-eliminarlas-ruben-ruiz-secretario-general-apjgas\/","title":{"rendered":"\u00abLos que se oponen a que los trabajadores no paguemos ganancia est\u00e1n de acuerdo en bajar las retenciones o eliminarlas\u00bb Rub\u00e9n Ruiz, Secretario General APJGas"},"content":{"rendered":"\r\n<p>En di\u00e1logo con Tripulantes de la Ma\u00f1ana, el Secretario General de la Asociaci\u00f3n del Personal Jer\u00e1rquico de la Industria del Gas Natural, Derivados y Afines (APJGas), Rub\u00e9n Ruiz, se refiri\u00f3 al tratamiento de la reducci\u00f3n del impuesto a las ganancias en el Congreso.<\/p>\r\n<p>&nbsp;<\/p>\r\n\r\n\r\n\r\n<p>Ruiz plante\u00f3 que Juntos por el Cambio se opone a la eliminaci\u00f3n del impuesto a las ganancias, a la vez de que est\u00e1 la negociaci\u00f3n con los gobernadores y de c\u00f3mo votar\u00e1n las diputadas y diputados de las provincias.<\/p>\r\n<p>&nbsp;<\/p>\r\n\r\n\r\n\r\n<p>Afirm\u00f3 que el martes 19 de septiembre se movilizar\u00e1n con miles de compa\u00f1eros\/as que son convocados\/as por este tema y que \u00abma\u00f1ana puede salir en diputados, despu\u00e9s habr\u00e1 que ratificarlo, Alberto Fern\u00e1ndez deber\u00e1 promulgarlo y la AFIP deber\u00e1 emitir su comunicaci\u00f3n correspondiente. Pensamos que todo esto en el tiempo del proceso electoral deber\u00eda estar terminado para que no haya dudas respecto a su cumplimiento y por supuesto que mientras tanto tenemos el decreto que arranca el primero de octubre y que eleva el piso m\u00ednimo imponible a $1.770.000.<\/p>\r\n<p>&nbsp;<\/p>\r\n\r\n\r\n\r\n<p>Con relaci\u00f3n a este reclamo hist\u00f3rico de sacarle el impuesto al salario de las trabajadoras y trabajadores, el secretario general del APJGas sostuvo que desde el 2011 se reclama, ya que \u00abno se le puede cobrar un impuesto a un trabajador por cobrar un salario mejor que otros\u00bb.<\/p>\r\n<p>&nbsp;<\/p>\r\n\r\n\r\n\r\n<p>\u00abNo somos la mayor\u00eda de los trabajadores los que pagamos el impuesto a las ganancias y en ese sentido, me parece que es correcto que est\u00e9 vinculado al Salario M\u00ednimo, Vital y M\u00f3vil, es decir que cada vez que se modifique el salario m\u00ednimo se modifica el piso no imponible de tal manera que los trabajadores que m\u00e1s ganamos en este pa\u00eds no nos desentendamos de los que menos ganan, porque eso tambi\u00e9n es muy importante de entender, que todos estamos en el mismo barco y pertenecemos a la misma clase social independientemente del salario que se gana\u00bb. En ese sentido, plante\u00f3 que se debe empujar para que el Salario M\u00ednimo Vital y M\u00f3vil suba.<\/p>\r\n<p>&nbsp;<\/p>\r\n\r\n\r\n\r\n<p>Ru\u00edz plante\u00f3 que \u00ablos que se oponen a que los trabajadores no paguemos ganancia est\u00e1n de acuerdo en bajar las retenciones, por ejemplo, o eliminarlas; para ellos eso no es inflacionario y sacarle un peso al salario de los trabajadores, s\u00ed\u00bb. \u00abEste reclamo que ya tiene m\u00e1s de diez a\u00f1os, lo venimos sosteniendo, primero porque pensamos que es justo que no se pague, pero segundo, porque hay que entender que los empresarios que tienen ganancia la tienen gracias al trabajo de los trabajadores, a lo que alguna vez alguno denomin\u00f3 plusval\u00eda\u00bb.<\/p>\r\n<p>&nbsp;<\/p>\r\n\r\n\r\n\r\n<p>Ru\u00edz plante\u00f3 que a Juntos por el Cambio nunca estuvo de acuerdo con quitarle el impuesto a la ganancia a los trabajadores y lament\u00f3 que en estos cuatro a\u00f1os no se haya logrado sacar.<\/p>\r\n<p>&nbsp;<\/p>\r\n\r\n\r\n\r\n<p>\u00abNos parece un buen momento porque se est\u00e1n discutiendo muchas cosas en este pa\u00eds, nos parece un acierto lo que plante\u00f3 el Ministro de Econom\u00eda el lunes pasado en el acto en Plaza de Mayo de avanzar en este sentido. El mismo d\u00eda, el mismo lunes, tuvimos una confrontaci\u00f3n grande respecto a cu\u00e1l era el piso m\u00ednimo, recuerdo que al mediod\u00eda el gobierno planteaba que era un mill\u00f3n, despu\u00e9s un mill\u00f3n doscientos, despu\u00e9s un mill\u00f3n quinientos, hasta llegar un mill\u00f3n siete setenta a las seis de la tarde\u00bb, sostuvo.<\/p>\r\n<p>&nbsp;<\/p>\r\n\r\n\r\n\r\n<p>Para el secretario general del APJGas, si se logra que 129 diputadas y diputados voten el proyecto, \u00abes el resultado del trabajo colectivo de los trabajadores durante much\u00edsimos a\u00f1os\u00bb, afirmando que las trabajadoras y trabajadores de la educaci\u00f3n, salud, justicia, industria, etc. pueden modificar las pol\u00edticas p\u00fablicas, \u00abes central que entendamos que parte de la manija tambi\u00e9n la deber\u00edamos tener los trabajadores, que todas las pol\u00edticas p\u00fablicas no tienen por qu\u00e9 estar solo en mano de quienes gobiernan\u00bb.<\/p>\r\n<p>&nbsp;<\/p>\r\n\r\n\r\n\r\n<p>Respecto a la situaci\u00f3n que se atraviesa en el plano laboral, afirm\u00f3 que en el pa\u00eds existen entre cinco y seis millones de trabajadoras y trabajadores que no est\u00e1n registrados, entre dos y tres millones de trabajadoras y trabajadores que no est\u00e1n ocupados sin planes de contenci\u00f3n. En tal sentido, consider\u00f3 que la modificaci\u00f3n de ganancias es un punto de partida, pero que hay que pelear para que suban todos los salarios y jubilaciones.<\/p>\r\n<p>&nbsp;<\/p>\r\n\r\n\r\n\r\n<p>Para concluir, plante\u00f3 que en esta coyuntura electoral se est\u00e1 discutiendo qu\u00e9 modelo de pa\u00eds se necesita del presente hacia el futuro.<\/p>\r\n","protected":false},"excerpt":{"rendered":"<p>En di\u00e1logo con Tripulantes de la Ma\u00f1ana, el Secretario General de la Asociaci\u00f3n del Personal Jer\u00e1rquico de la Industria del Gas Natural, Derivados y Afines (APJGas), Rub\u00e9n Ruiz, se refiri\u00f3 al tratamiento de la reducci\u00f3n del impuesto a las ganancias en el Congreso. &nbsp; Ruiz plante\u00f3 que Juntos por el Cambio se opone a la [&hellip;]<\/p>\n","protected":false},"author":2,"featured_media":4778,"comment_status":"closed","ping_status":"closed","sticky":false,"template":"","format":"gallery","meta":{"_jetpack_memberships_contains_paid_content":false,"footnotes":""},"categories":[83],"tags":[],"class_list":["post-4777","post","type-post","status-publish","format-gallery","has-post-thumbnail","hentry","category-noticias","post_format-post-format-gallery"],"yoast_head":"<!-- This site is optimized with the Yoast SEO plugin v25.6 - https:\/\/yoast.com\/wordpress\/plugins\/seo\/ -->\n<title>&quot;Los que se oponen a que los trabajadores no paguemos ganancia est\u00e1n de acuerdo en bajar las retenciones o eliminarlas&quot; Rub\u00e9n Ruiz, Secretario General APJGas - FM Nuestras Voces<\/title>\n<meta name=\"robots\" content=\"index, follow, max-snippet:-1, max-image-preview:large, max-video-preview:-1\" \/>\n<link rel=\"canonical\" href=\"https:\/\/fmnuestrasvoces.com.ar\/fmnv\/los-que-se-oponen-a-que-los-trabajadores-no-paguemos-ganancia-estan-de-acuerdo-en-bajar-las-retenciones-o-eliminarlas-ruben-ruiz-secretario-general-apjgas\/\" \/>\n<meta property=\"og:locale\" content=\"es_ES\" \/>\n<meta property=\"og:type\" content=\"article\" \/>\n<meta property=\"og:title\" content=\"&quot;Los que se oponen a que los trabajadores no paguemos ganancia est\u00e1n de acuerdo en bajar las retenciones o eliminarlas&quot; Rub\u00e9n Ruiz, Secretario General APJGas - FM Nuestras Voces\" \/>\n<meta property=\"og:description\" content=\"En di\u00e1logo con Tripulantes de la Ma\u00f1ana, el Secretario General de la Asociaci\u00f3n del Personal Jer\u00e1rquico de la Industria del Gas Natural, Derivados y Afines (APJGas), Rub\u00e9n Ruiz, se refiri\u00f3 al tratamiento de la reducci\u00f3n del impuesto a las ganancias en el Congreso. &nbsp; Ruiz plante\u00f3 que Juntos por el Cambio se opone a la [&hellip;]\" \/>\n<meta property=\"og:url\" content=\"https:\/\/fmnuestrasvoces.com.ar\/fmnv\/los-que-se-oponen-a-que-los-trabajadores-no-paguemos-ganancia-estan-de-acuerdo-en-bajar-las-retenciones-o-eliminarlas-ruben-ruiz-secretario-general-apjgas\/\" \/>\n<meta property=\"og:site_name\" content=\"FM Nuestras Voces\" \/>\n<meta property=\"article:published_time\" content=\"2023-09-19T02:37:48+00:00\" \/>\n<meta property=\"article:modified_time\" content=\"2024-05-21T17:37:37+00:00\" \/>\n<meta property=\"og:image\" content=\"https:\/\/i0.wp.com\/fmnuestrasvoces.com.ar\/fmnv\/wp-content\/uploads\/2023\/09\/Ruben-Ruiz-1140x815-1.jpg?fit=1140%2C815&ssl=1\" \/>\n\t<meta property=\"og:image:width\" content=\"1140\" \/>\n\t<meta property=\"og:image:height\" content=\"815\" \/>\n\t<meta property=\"og:image:type\" content=\"image\/jpeg\" \/>\n<meta name=\"author\" content=\"fmnv\" \/>\n<meta name=\"twitter:card\" content=\"summary_large_image\" \/>\n<meta name=\"twitter:label1\" content=\"Escrito por\" \/>\n\t<meta name=\"twitter:data1\" content=\"fmnv\" \/>\n\t<meta name=\"twitter:label2\" content=\"Tiempo de lectura\" \/>\n\t<meta name=\"twitter:data2\" content=\"4 minutos\" \/>\n<script type=\"application\/ld+json\" class=\"yoast-schema-graph\">{\"@context\":\"https:\/\/schema.org\",\"@graph\":[{\"@type\":\"Article\",\"@id\":\"https:\/\/fmnuestrasvoces.com.ar\/fmnv\/los-que-se-oponen-a-que-los-trabajadores-no-paguemos-ganancia-estan-de-acuerdo-en-bajar-las-retenciones-o-eliminarlas-ruben-ruiz-secretario-general-apjgas\/#article\",\"isPartOf\":{\"@id\":\"https:\/\/fmnuestrasvoces.com.ar\/fmnv\/los-que-se-oponen-a-que-los-trabajadores-no-paguemos-ganancia-estan-de-acuerdo-en-bajar-las-retenciones-o-eliminarlas-ruben-ruiz-secretario-general-apjgas\/\"},\"author\":{\"name\":\"fmnv\",\"@id\":\"https:\/\/fmnuestrasvoces.com.ar\/fmnv\/#\/schema\/person\/46c854550d525ce0ebcb057864474dfb\"},\"headline\":\"\u00abLos que se oponen a que los trabajadores no paguemos ganancia est\u00e1n de acuerdo en bajar las retenciones o eliminarlas\u00bb Rub\u00e9n Ruiz, Secretario General APJGas\",\"datePublished\":\"2023-09-19T02:37:48+00:00\",\"dateModified\":\"2024-05-21T17:37:37+00:00\",\"mainEntityOfPage\":{\"@id\":\"https:\/\/fmnuestrasvoces.com.ar\/fmnv\/los-que-se-oponen-a-que-los-trabajadores-no-paguemos-ganancia-estan-de-acuerdo-en-bajar-las-retenciones-o-eliminarlas-ruben-ruiz-secretario-general-apjgas\/\"},\"wordCount\":822,\"publisher\":{\"@id\":\"https:\/\/fmnuestrasvoces.com.ar\/fmnv\/#organization\"},\"image\":{\"@id\":\"https:\/\/fmnuestrasvoces.com.ar\/fmnv\/los-que-se-oponen-a-que-los-trabajadores-no-paguemos-ganancia-estan-de-acuerdo-en-bajar-las-retenciones-o-eliminarlas-ruben-ruiz-secretario-general-apjgas\/#primaryimage\"},\"thumbnailUrl\":\"https:\/\/i0.wp.com\/fmnuestrasvoces.com.ar\/fmnv\/wp-content\/uploads\/2023\/09\/Ruben-Ruiz-1140x815-1.jpg?fit=1140%2C815&ssl=1\",\"articleSection\":[\"Noticias\"],\"inLanguage\":\"es\"},{\"@type\":\"WebPage\",\"@id\":\"https:\/\/fmnuestrasvoces.com.ar\/fmnv\/los-que-se-oponen-a-que-los-trabajadores-no-paguemos-ganancia-estan-de-acuerdo-en-bajar-las-retenciones-o-eliminarlas-ruben-ruiz-secretario-general-apjgas\/\",\"url\":\"https:\/\/fmnuestrasvoces.com.ar\/fmnv\/los-que-se-oponen-a-que-los-trabajadores-no-paguemos-ganancia-estan-de-acuerdo-en-bajar-las-retenciones-o-eliminarlas-ruben-ruiz-secretario-general-apjgas\/\",\"name\":\"\\\"Los que se oponen a que los trabajadores no paguemos ganancia est\u00e1n de acuerdo en bajar las retenciones o eliminarlas\\\" Rub\u00e9n Ruiz, Secretario General APJGas - FM Nuestras Voces\",\"isPartOf\":{\"@id\":\"https:\/\/fmnuestrasvoces.com.ar\/fmnv\/#website\"},\"primaryImageOfPage\":{\"@id\":\"https:\/\/fmnuestrasvoces.com.ar\/fmnv\/los-que-se-oponen-a-que-los-trabajadores-no-paguemos-ganancia-estan-de-acuerdo-en-bajar-las-retenciones-o-eliminarlas-ruben-ruiz-secretario-general-apjgas\/#primaryimage\"},\"image\":{\"@id\":\"https:\/\/fmnuestrasvoces.com.ar\/fmnv\/los-que-se-oponen-a-que-los-trabajadores-no-paguemos-ganancia-estan-de-acuerdo-en-bajar-las-retenciones-o-eliminarlas-ruben-ruiz-secretario-general-apjgas\/#primaryimage\"},\"thumbnailUrl\":\"https:\/\/i0.wp.com\/fmnuestrasvoces.com.ar\/fmnv\/wp-content\/uploads\/2023\/09\/Ruben-Ruiz-1140x815-1.jpg?fit=1140%2C815&ssl=1\",\"datePublished\":\"2023-09-19T02:37:48+00:00\",\"dateModified\":\"2024-05-21T17:37:37+00:00\",\"breadcrumb\":{\"@id\":\"https:\/\/fmnuestrasvoces.com.ar\/fmnv\/los-que-se-oponen-a-que-los-trabajadores-no-paguemos-ganancia-estan-de-acuerdo-en-bajar-las-retenciones-o-eliminarlas-ruben-ruiz-secretario-general-apjgas\/#breadcrumb\"},\"inLanguage\":\"es\",\"potentialAction\":[{\"@type\":\"ReadAction\",\"target\":[\"https:\/\/fmnuestrasvoces.com.ar\/fmnv\/los-que-se-oponen-a-que-los-trabajadores-no-paguemos-ganancia-estan-de-acuerdo-en-bajar-las-retenciones-o-eliminarlas-ruben-ruiz-secretario-general-apjgas\/\"]}]},{\"@type\":\"ImageObject\",\"inLanguage\":\"es\",\"@id\":\"https:\/\/fmnuestrasvoces.com.ar\/fmnv\/los-que-se-oponen-a-que-los-trabajadores-no-paguemos-ganancia-estan-de-acuerdo-en-bajar-las-retenciones-o-eliminarlas-ruben-ruiz-secretario-general-apjgas\/#primaryimage\",\"url\":\"https:\/\/i0.wp.com\/fmnuestrasvoces.com.ar\/fmnv\/wp-content\/uploads\/2023\/09\/Ruben-Ruiz-1140x815-1.jpg?fit=1140%2C815&ssl=1\",\"contentUrl\":\"https:\/\/i0.wp.com\/fmnuestrasvoces.com.ar\/fmnv\/wp-content\/uploads\/2023\/09\/Ruben-Ruiz-1140x815-1.jpg?fit=1140%2C815&ssl=1\",\"width\":1140,\"height\":815},{\"@type\":\"BreadcrumbList\",\"@id\":\"https:\/\/fmnuestrasvoces.com.ar\/fmnv\/los-que-se-oponen-a-que-los-trabajadores-no-paguemos-ganancia-estan-de-acuerdo-en-bajar-las-retenciones-o-eliminarlas-ruben-ruiz-secretario-general-apjgas\/#breadcrumb\",\"itemListElement\":[{\"@type\":\"ListItem\",\"position\":1,\"name\":\"Portada\",\"item\":\"https:\/\/fmnuestrasvoces.com.ar\/fmnv\/\"},{\"@type\":\"ListItem\",\"position\":2,\"name\":\"\u00abLos que se oponen a que los trabajadores no paguemos ganancia est\u00e1n de acuerdo en bajar las retenciones o eliminarlas\u00bb Rub\u00e9n Ruiz, Secretario General APJGas\"}]},{\"@type\":\"WebSite\",\"@id\":\"https:\/\/fmnuestrasvoces.com.ar\/fmnv\/#website\",\"url\":\"https:\/\/fmnuestrasvoces.com.ar\/fmnv\/\",\"name\":\"FM Nuestras Voces\",\"description\":\"La radio comunitaria de Tierra del Fuego, Ant\u00e1rtida e Islas del Atl\u00e1ntico Sur\",\"publisher\":{\"@id\":\"https:\/\/fmnuestrasvoces.com.ar\/fmnv\/#organization\"},\"potentialAction\":[{\"@type\":\"SearchAction\",\"target\":{\"@type\":\"EntryPoint\",\"urlTemplate\":\"https:\/\/fmnuestrasvoces.com.ar\/fmnv\/?s={search_term_string}\"},\"query-input\":{\"@type\":\"PropertyValueSpecification\",\"valueRequired\":true,\"valueName\":\"search_term_string\"}}],\"inLanguage\":\"es\"},{\"@type\":\"Organization\",\"@id\":\"https:\/\/fmnuestrasvoces.com.ar\/fmnv\/#organization\",\"name\":\"FM Nuestras Voces\",\"url\":\"https:\/\/fmnuestrasvoces.com.ar\/fmnv\/\",\"logo\":{\"@type\":\"ImageObject\",\"inLanguage\":\"es\",\"@id\":\"https:\/\/fmnuestrasvoces.com.ar\/fmnv\/#\/schema\/logo\/image\/\",\"url\":\"https:\/\/fmnuestrasvoces.com.ar\/fmnv\/wp-content\/uploads\/2024\/02\/Logo-1.svg\",\"contentUrl\":\"https:\/\/fmnuestrasvoces.com.ar\/fmnv\/wp-content\/uploads\/2024\/02\/Logo-1.svg\",\"width\":864,\"height\":268,\"caption\":\"FM Nuestras Voces\"},\"image\":{\"@id\":\"https:\/\/fmnuestrasvoces.com.ar\/fmnv\/#\/schema\/logo\/image\/\"}},{\"@type\":\"Person\",\"@id\":\"https:\/\/fmnuestrasvoces.com.ar\/fmnv\/#\/schema\/person\/46c854550d525ce0ebcb057864474dfb\",\"name\":\"fmnv\",\"image\":{\"@type\":\"ImageObject\",\"inLanguage\":\"es\",\"@id\":\"https:\/\/fmnuestrasvoces.com.ar\/fmnv\/#\/schema\/person\/image\/\",\"url\":\"https:\/\/secure.gravatar.com\/avatar\/66e61dcdc70b762f1f37822f172abe7f31cbb438813bb6fc6bdb8022a5f9adbe?s=96&d=mm&r=g\",\"contentUrl\":\"https:\/\/secure.gravatar.com\/avatar\/66e61dcdc70b762f1f37822f172abe7f31cbb438813bb6fc6bdb8022a5f9adbe?s=96&d=mm&r=g\",\"caption\":\"fmnv\"},\"url\":\"https:\/\/fmnuestrasvoces.com.ar\/fmnv\/author\/fmnv2021\/\"}]}<\/script>\n<!-- \/ Yoast SEO plugin. -->","yoast_head_json":{"title":"\"Los que se oponen a que los trabajadores no paguemos ganancia est\u00e1n de acuerdo en bajar las retenciones o eliminarlas\" Rub\u00e9n Ruiz, Secretario General APJGas - FM Nuestras Voces","robots":{"index":"index","follow":"follow","max-snippet":"max-snippet:-1","max-image-preview":"max-image-preview:large","max-video-preview":"max-video-preview:-1"},"canonical":"https:\/\/fmnuestrasvoces.com.ar\/fmnv\/los-que-se-oponen-a-que-los-trabajadores-no-paguemos-ganancia-estan-de-acuerdo-en-bajar-las-retenciones-o-eliminarlas-ruben-ruiz-secretario-general-apjgas\/","og_locale":"es_ES","og_type":"article","og_title":"\"Los que se oponen a que los trabajadores no paguemos ganancia est\u00e1n de acuerdo en bajar las retenciones o eliminarlas\" Rub\u00e9n Ruiz, Secretario General APJGas - FM Nuestras Voces","og_description":"En di\u00e1logo con Tripulantes de la Ma\u00f1ana, el Secretario General de la Asociaci\u00f3n del Personal Jer\u00e1rquico de la Industria del Gas Natural, Derivados y Afines (APJGas), Rub\u00e9n Ruiz, se refiri\u00f3 al tratamiento de la reducci\u00f3n del impuesto a las ganancias en el Congreso. &nbsp; Ruiz plante\u00f3 que Juntos por el Cambio se opone a la [&hellip;]","og_url":"https:\/\/fmnuestrasvoces.com.ar\/fmnv\/los-que-se-oponen-a-que-los-trabajadores-no-paguemos-ganancia-estan-de-acuerdo-en-bajar-las-retenciones-o-eliminarlas-ruben-ruiz-secretario-general-apjgas\/","og_site_name":"FM Nuestras Voces","article_published_time":"2023-09-19T02:37:48+00:00","article_modified_time":"2024-05-21T17:37:37+00:00","og_image":[{"width":1140,"height":815,"url":"https:\/\/i0.wp.com\/fmnuestrasvoces.com.ar\/fmnv\/wp-content\/uploads\/2023\/09\/Ruben-Ruiz-1140x815-1.jpg?fit=1140%2C815&ssl=1","type":"image\/jpeg"}],"author":"fmnv","twitter_card":"summary_large_image","twitter_misc":{"Escrito por":"fmnv","Tiempo de lectura":"4 minutos"},"schema":{"@context":"https:\/\/schema.org","@graph":[{"@type":"Article","@id":"https:\/\/fmnuestrasvoces.com.ar\/fmnv\/los-que-se-oponen-a-que-los-trabajadores-no-paguemos-ganancia-estan-de-acuerdo-en-bajar-las-retenciones-o-eliminarlas-ruben-ruiz-secretario-general-apjgas\/#article","isPartOf":{"@id":"https:\/\/fmnuestrasvoces.com.ar\/fmnv\/los-que-se-oponen-a-que-los-trabajadores-no-paguemos-ganancia-estan-de-acuerdo-en-bajar-las-retenciones-o-eliminarlas-ruben-ruiz-secretario-general-apjgas\/"},"author":{"name":"fmnv","@id":"https:\/\/fmnuestrasvoces.com.ar\/fmnv\/#\/schema\/person\/46c854550d525ce0ebcb057864474dfb"},"headline":"\u00abLos que se oponen a que los trabajadores no paguemos ganancia est\u00e1n de acuerdo en bajar las retenciones o eliminarlas\u00bb Rub\u00e9n Ruiz, Secretario General APJGas","datePublished":"2023-09-19T02:37:48+00:00","dateModified":"2024-05-21T17:37:37+00:00","mainEntityOfPage":{"@id":"https:\/\/fmnuestrasvoces.com.ar\/fmnv\/los-que-se-oponen-a-que-los-trabajadores-no-paguemos-ganancia-estan-de-acuerdo-en-bajar-las-retenciones-o-eliminarlas-ruben-ruiz-secretario-general-apjgas\/"},"wordCount":822,"publisher":{"@id":"https:\/\/fmnuestrasvoces.com.ar\/fmnv\/#organization"},"image":{"@id":"https:\/\/fmnuestrasvoces.com.ar\/fmnv\/los-que-se-oponen-a-que-los-trabajadores-no-paguemos-ganancia-estan-de-acuerdo-en-bajar-las-retenciones-o-eliminarlas-ruben-ruiz-secretario-general-apjgas\/#primaryimage"},"thumbnailUrl":"https:\/\/i0.wp.com\/fmnuestrasvoces.com.ar\/fmnv\/wp-content\/uploads\/2023\/09\/Ruben-Ruiz-1140x815-1.jpg?fit=1140%2C815&ssl=1","articleSection":["Noticias"],"inLanguage":"es"},{"@type":"WebPage","@id":"https:\/\/fmnuestrasvoces.com.ar\/fmnv\/los-que-se-oponen-a-que-los-trabajadores-no-paguemos-ganancia-estan-de-acuerdo-en-bajar-las-retenciones-o-eliminarlas-ruben-ruiz-secretario-general-apjgas\/","url":"https:\/\/fmnuestrasvoces.com.ar\/fmnv\/los-que-se-oponen-a-que-los-trabajadores-no-paguemos-ganancia-estan-de-acuerdo-en-bajar-las-retenciones-o-eliminarlas-ruben-ruiz-secretario-general-apjgas\/","name":"\"Los que se oponen a que los trabajadores no paguemos ganancia est\u00e1n de acuerdo en bajar las retenciones o eliminarlas\" Rub\u00e9n Ruiz, Secretario General APJGas - FM Nuestras Voces","isPartOf":{"@id":"https:\/\/fmnuestrasvoces.com.ar\/fmnv\/#website"},"primaryImageOfPage":{"@id":"https:\/\/fmnuestrasvoces.com.ar\/fmnv\/los-que-se-oponen-a-que-los-trabajadores-no-paguemos-ganancia-estan-de-acuerdo-en-bajar-las-retenciones-o-eliminarlas-ruben-ruiz-secretario-general-apjgas\/#primaryimage"},"image":{"@id":"https:\/\/fmnuestrasvoces.com.ar\/fmnv\/los-que-se-oponen-a-que-los-trabajadores-no-paguemos-ganancia-estan-de-acuerdo-en-bajar-las-retenciones-o-eliminarlas-ruben-ruiz-secretario-general-apjgas\/#primaryimage"},"thumbnailUrl":"https:\/\/i0.wp.com\/fmnuestrasvoces.com.ar\/fmnv\/wp-content\/uploads\/2023\/09\/Ruben-Ruiz-1140x815-1.jpg?fit=1140%2C815&ssl=1","datePublished":"2023-09-19T02:37:48+00:00","dateModified":"2024-05-21T17:37:37+00:00","breadcrumb":{"@id":"https:\/\/fmnuestrasvoces.com.ar\/fmnv\/los-que-se-oponen-a-que-los-trabajadores-no-paguemos-ganancia-estan-de-acuerdo-en-bajar-las-retenciones-o-eliminarlas-ruben-ruiz-secretario-general-apjgas\/#breadcrumb"},"inLanguage":"es","potentialAction":[{"@type":"ReadAction","target":["https:\/\/fmnuestrasvoces.com.ar\/fmnv\/los-que-se-oponen-a-que-los-trabajadores-no-paguemos-ganancia-estan-de-acuerdo-en-bajar-las-retenciones-o-eliminarlas-ruben-ruiz-secretario-general-apjgas\/"]}]},{"@type":"ImageObject","inLanguage":"es","@id":"https:\/\/fmnuestrasvoces.com.ar\/fmnv\/los-que-se-oponen-a-que-los-trabajadores-no-paguemos-ganancia-estan-de-acuerdo-en-bajar-las-retenciones-o-eliminarlas-ruben-ruiz-secretario-general-apjgas\/#primaryimage","url":"https:\/\/i0.wp.com\/fmnuestrasvoces.com.ar\/fmnv\/wp-content\/uploads\/2023\/09\/Ruben-Ruiz-1140x815-1.jpg?fit=1140%2C815&ssl=1","contentUrl":"https:\/\/i0.wp.com\/fmnuestrasvoces.com.ar\/fmnv\/wp-content\/uploads\/2023\/09\/Ruben-Ruiz-1140x815-1.jpg?fit=1140%2C815&ssl=1","width":1140,"height":815},{"@type":"BreadcrumbList","@id":"https:\/\/fmnuestrasvoces.com.ar\/fmnv\/los-que-se-oponen-a-que-los-trabajadores-no-paguemos-ganancia-estan-de-acuerdo-en-bajar-las-retenciones-o-eliminarlas-ruben-ruiz-secretario-general-apjgas\/#breadcrumb","itemListElement":[{"@type":"ListItem","position":1,"name":"Portada","item":"https:\/\/fmnuestrasvoces.com.ar\/fmnv\/"},{"@type":"ListItem","position":2,"name":"\u00abLos que se oponen a que los trabajadores no paguemos ganancia est\u00e1n de acuerdo en bajar las retenciones o eliminarlas\u00bb Rub\u00e9n Ruiz, Secretario General APJGas"}]},{"@type":"WebSite","@id":"https:\/\/fmnuestrasvoces.com.ar\/fmnv\/#website","url":"https:\/\/fmnuestrasvoces.com.ar\/fmnv\/","name":"FM Nuestras Voces","description":"La radio comunitaria de Tierra del Fuego, Ant\u00e1rtida e Islas del Atl\u00e1ntico Sur","publisher":{"@id":"https:\/\/fmnuestrasvoces.com.ar\/fmnv\/#organization"},"potentialAction":[{"@type":"SearchAction","target":{"@type":"EntryPoint","urlTemplate":"https:\/\/fmnuestrasvoces.com.ar\/fmnv\/?s={search_term_string}"},"query-input":{"@type":"PropertyValueSpecification","valueRequired":true,"valueName":"search_term_string"}}],"inLanguage":"es"},{"@type":"Organization","@id":"https:\/\/fmnuestrasvoces.com.ar\/fmnv\/#organization","name":"FM Nuestras Voces","url":"https:\/\/fmnuestrasvoces.com.ar\/fmnv\/","logo":{"@type":"ImageObject","inLanguage":"es","@id":"https:\/\/fmnuestrasvoces.com.ar\/fmnv\/#\/schema\/logo\/image\/","url":"https:\/\/fmnuestrasvoces.com.ar\/fmnv\/wp-content\/uploads\/2024\/02\/Logo-1.svg","contentUrl":"https:\/\/fmnuestrasvoces.com.ar\/fmnv\/wp-content\/uploads\/2024\/02\/Logo-1.svg","width":864,"height":268,"caption":"FM Nuestras Voces"},"image":{"@id":"https:\/\/fmnuestrasvoces.com.ar\/fmnv\/#\/schema\/logo\/image\/"}},{"@type":"Person","@id":"https:\/\/fmnuestrasvoces.com.ar\/fmnv\/#\/schema\/person\/46c854550d525ce0ebcb057864474dfb","name":"fmnv","image":{"@type":"ImageObject","inLanguage":"es","@id":"https:\/\/fmnuestrasvoces.com.ar\/fmnv\/#\/schema\/person\/image\/","url":"https:\/\/secure.gravatar.com\/avatar\/66e61dcdc70b762f1f37822f172abe7f31cbb438813bb6fc6bdb8022a5f9adbe?s=96&d=mm&r=g","contentUrl":"https:\/\/secure.gravatar.com\/avatar\/66e61dcdc70b762f1f37822f172abe7f31cbb438813bb6fc6bdb8022a5f9adbe?s=96&d=mm&r=g","caption":"fmnv"},"url":"https:\/\/fmnuestrasvoces.com.ar\/fmnv\/author\/fmnv2021\/"}]}},"jetpack_featured_media_url":"https:\/\/i0.wp.com\/fmnuestrasvoces.com.ar\/fmnv\/wp-content\/uploads\/2023\/09\/Ruben-Ruiz-1140x815-1.jpg?fit=1140%2C815&ssl=1","jetpack_shortlink":"https:\/\/wp.me\/pfy0zr-1f3","jetpack_sharing_enabled":true,"_links":{"self":[{"href":"https:\/\/fmnuestrasvoces.com.ar\/fmnv\/wp-json\/wp\/v2\/posts\/4777","targetHints":{"allow":["GET"]}}],"collection":[{"href":"https:\/\/fmnuestrasvoces.com.ar\/fmnv\/wp-json\/wp\/v2\/posts"}],"about":[{"href":"https:\/\/fmnuestrasvoces.com.ar\/fmnv\/wp-json\/wp\/v2\/types\/post"}],"author":[{"embeddable":true,"href":"https:\/\/fmnuestrasvoces.com.ar\/fmnv\/wp-json\/wp\/v2\/users\/2"}],"replies":[{"embeddable":true,"href":"https:\/\/fmnuestrasvoces.com.ar\/fmnv\/wp-json\/wp\/v2\/comments?post=4777"}],"version-history":[{"count":3,"href":"https:\/\/fmnuestrasvoces.com.ar\/fmnv\/wp-json\/wp\/v2\/posts\/4777\/revisions"}],"predecessor-version":[{"id":5138,"href":"https:\/\/fmnuestrasvoces.com.ar\/fmnv\/wp-json\/wp\/v2\/posts\/4777\/revisions\/5138"}],"wp:featuredmedia":[{"embeddable":true,"href":"https:\/\/fmnuestrasvoces.com.ar\/fmnv\/wp-json\/wp\/v2\/media\/4778"}],"wp:attachment":[{"href":"https:\/\/fmnuestrasvoces.com.ar\/fmnv\/wp-json\/wp\/v2\/media?parent=4777"}],"wp:term":[{"taxonomy":"category","embeddable":true,"href":"https:\/\/fmnuestrasvoces.com.ar\/fmnv\/wp-json\/wp\/v2\/categories?post=4777"},{"taxonomy":"post_tag","embeddable":true,"href":"https:\/\/fmnuestrasvoces.com.ar\/fmnv\/wp-json\/wp\/v2\/tags?post=4777"}],"curies":[{"name":"wp","href":"https:\/\/api.w.org\/{rel}","templated":true}]}}