{"id":5985,"date":"2025-02-24T15:28:56","date_gmt":"2025-02-24T18:28:56","guid":{"rendered":"https:\/\/fmnuestrasvoces.com.ar\/fmnv\/?p=5985"},"modified":"2025-02-24T15:30:52","modified_gmt":"2025-02-24T18:30:52","slug":"preocupante-situacion-edilicia-de-los-establecimientos-educativos-en-tierra-del-fuego-aeias","status":"publish","type":"post","link":"https:\/\/fmnuestrasvoces.com.ar\/fmnv\/preocupante-situacion-edilicia-de-los-establecimientos-educativos-en-tierra-del-fuego-aeias\/","title":{"rendered":"Preocupante situaci\u00f3n edilicia de los establecimientos educativos en Tierra del Fuego AeIAS"},"content":{"rendered":"<p><span style=\"font-weight: 400;\">El secretario gremial de SUTEF, Alejandro G\u00f3mez, convers\u00f3 sobre la <strong>preocupante situaci\u00f3n edilicia de los establecimientos educativos en Tierra del Fuego AeIAS<\/strong> a partir de un relevamiento realizado a trav\u00e9s del cuerpo de delegadas y delegados.<\/span><\/p>\n<p><span style=\"font-weight: 400;\">\u201cDurante el receso de verano se deben realizar la mayor cantidad de trabajos de infraestructura para que tanto personal docente como no docente, encuentren sus instituciones en condiciones\u201d, plante\u00f3 G\u00f3mez, resaltando que <strong>no se avanzaron en trabajos solicitados por las instituciones educativas y que en un 52% de las instituciones relevadas no se observaron intervenciones.<\/strong><\/span><\/p>\n<p><span style=\"font-weight: 400;\">\u201cHay instituciones que hoy en d\u00eda no cuentan con medidor de gas. Tambi\u00e9n, instituciones que tienen canillas que no emiten agua caliente y escuelas con las puertas de emergencia bloqueadas, es algo grave porque en caso de una emergencia hay un grupo de estudiantes y docentes que no tendr\u00edan por d\u00f3nde evacuar\u201d se\u00f1al\u00f3.<\/span><\/p>\n<blockquote><p>Un relevamiento preliminar realizado en las instituciones educativas arroj\u00f3 datos alarmantes:<\/p>\n<ul>\n<li><strong>M\u00e1s del 80%<\/strong>\u00a0de los establecimientos necesitaba trabajos de mantenimiento y reparaci\u00f3n. Sin embargo, solo en el\u00a0<strong>5%<\/strong>\u00a0de los casos se completaron las obras solicitadas, mientras que en un\u00a0<strong>43%<\/strong>\u00a0se realizaron de manera parcial.<\/li>\n<li>En el\u00a0<strong>52%<\/strong>\u00a0de las instituciones no se observ\u00f3 ning\u00fan tipo de intervenci\u00f3n en infraestructura.<\/li>\n<li>El\u00a0<strong>31%<\/strong>\u00a0de las instituciones relevadas no estar\u00eda en condiciones de iniciar las clases, y un\u00a0<strong>52%<\/strong>\u00a0solo podr\u00eda hacerlo de manera parcial.<\/li>\n<\/ul>\n<\/blockquote>\n<p><span style=\"font-weight: 400;\">El secretario gremial consider\u00f3 como <strong>alarmante el estado de las instituciones, ya que desde hace 5 a\u00f1os est\u00e1 declarada la emergencia edilicia,<\/strong> por lo que se podr\u00edan disponer de fondos para solucionar los problemas. <\/span><\/p>\n<p><span style=\"font-weight: 400;\">En ese sentido, indic\u00f3 que <strong>la falta de cumplimiento en las condiciones m\u00ednimas de seguridad e higiene y a la sobrecarga de los establecimientos -donde conviven varias instituciones educativas- producen que se interrumpa el desarrollo normal de clases a lo largo del ciclo lectivo.<\/strong><\/span><\/p>\n<p>&nbsp;<\/p>\n<p>&nbsp;<\/p>\n","protected":false},"excerpt":{"rendered":"<p>El secretario gremial de SUTEF, Alejandro G\u00f3mez, convers\u00f3 sobre la preocupante situaci\u00f3n edilicia de los establecimientos educativos en Tierra del Fuego AeIAS a partir de un relevamiento realizado a trav\u00e9s del cuerpo de delegadas y delegados. \u201cDurante el receso de verano se deben realizar la mayor cantidad de trabajos de infraestructura para que tanto personal [&hellip;]<\/p>\n","protected":false},"author":2,"featured_media":5988,"comment_status":"closed","ping_status":"open","sticky":false,"template":"","format":"standard","meta":{"_jetpack_memberships_contains_paid_content":false,"footnotes":""},"categories":[83],"tags":[],"class_list":["post-5985","post","type-post","status-publish","format-standard","has-post-thumbnail","hentry","category-noticias"],"yoast_head":"<!-- This site is optimized with the Yoast SEO plugin v25.6 - https:\/\/yoast.com\/wordpress\/plugins\/seo\/ -->\n<title>Preocupante situaci\u00f3n edilicia de los establecimientos educativos en Tierra del Fuego AeIAS - FM Nuestras Voces<\/title>\n<meta name=\"robots\" content=\"index, follow, max-snippet:-1, max-image-preview:large, max-video-preview:-1\" \/>\n<link rel=\"canonical\" href=\"https:\/\/fmnuestrasvoces.com.ar\/fmnv\/preocupante-situacion-edilicia-de-los-establecimientos-educativos-en-tierra-del-fuego-aeias\/\" \/>\n<meta property=\"og:locale\" content=\"es_ES\" \/>\n<meta property=\"og:type\" content=\"article\" \/>\n<meta property=\"og:title\" content=\"Preocupante situaci\u00f3n edilicia de los establecimientos educativos en Tierra del Fuego AeIAS - FM Nuestras Voces\" \/>\n<meta property=\"og:description\" content=\"El secretario gremial de SUTEF, Alejandro G\u00f3mez, convers\u00f3 sobre la preocupante situaci\u00f3n edilicia de los establecimientos educativos en Tierra del Fuego AeIAS a partir de un relevamiento realizado a trav\u00e9s del cuerpo de delegadas y delegados. \u201cDurante el receso de verano se deben realizar la mayor cantidad de trabajos de infraestructura para que tanto personal [&hellip;]\" \/>\n<meta property=\"og:url\" content=\"https:\/\/fmnuestrasvoces.com.ar\/fmnv\/preocupante-situacion-edilicia-de-los-establecimientos-educativos-en-tierra-del-fuego-aeias\/\" \/>\n<meta property=\"og:site_name\" content=\"FM Nuestras Voces\" \/>\n<meta property=\"article:published_time\" content=\"2025-02-24T18:28:56+00:00\" \/>\n<meta property=\"article:modified_time\" content=\"2025-02-24T18:30:52+00:00\" \/>\n<meta property=\"og:image\" content=\"https:\/\/fmnuestrasvoces.com.ar\/fmnv\/wp-content\/uploads\/2025\/02\/web3.jpg\" \/>\n\t<meta property=\"og:image:width\" content=\"1860\" \/>\n\t<meta property=\"og:image:height\" content=\"1046\" \/>\n\t<meta property=\"og:image:type\" content=\"image\/jpeg\" \/>\n<meta name=\"author\" content=\"fmnv\" \/>\n<meta name=\"twitter:card\" content=\"summary_large_image\" \/>\n<meta name=\"twitter:label1\" content=\"Escrito por\" \/>\n\t<meta name=\"twitter:data1\" content=\"fmnv\" \/>\n\t<meta name=\"twitter:label2\" content=\"Tiempo de lectura\" \/>\n\t<meta name=\"twitter:data2\" content=\"2 minutos\" \/>\n<script type=\"application\/ld+json\" class=\"yoast-schema-graph\">{\"@context\":\"https:\/\/schema.org\",\"@graph\":[{\"@type\":\"Article\",\"@id\":\"https:\/\/fmnuestrasvoces.com.ar\/fmnv\/preocupante-situacion-edilicia-de-los-establecimientos-educativos-en-tierra-del-fuego-aeias\/#article\",\"isPartOf\":{\"@id\":\"https:\/\/fmnuestrasvoces.com.ar\/fmnv\/preocupante-situacion-edilicia-de-los-establecimientos-educativos-en-tierra-del-fuego-aeias\/\"},\"author\":{\"name\":\"fmnv\",\"@id\":\"https:\/\/fmnuestrasvoces.com.ar\/fmnv\/#\/schema\/person\/46c854550d525ce0ebcb057864474dfb\"},\"headline\":\"Preocupante situaci\u00f3n edilicia de los establecimientos educativos en Tierra del Fuego AeIAS\",\"datePublished\":\"2025-02-24T18:28:56+00:00\",\"dateModified\":\"2025-02-24T18:30:52+00:00\",\"mainEntityOfPage\":{\"@id\":\"https:\/\/fmnuestrasvoces.com.ar\/fmnv\/preocupante-situacion-edilicia-de-los-establecimientos-educativos-en-tierra-del-fuego-aeias\/\"},\"wordCount\":332,\"publisher\":{\"@id\":\"https:\/\/fmnuestrasvoces.com.ar\/fmnv\/#organization\"},\"image\":{\"@id\":\"https:\/\/fmnuestrasvoces.com.ar\/fmnv\/preocupante-situacion-edilicia-de-los-establecimientos-educativos-en-tierra-del-fuego-aeias\/#primaryimage\"},\"thumbnailUrl\":\"https:\/\/i0.wp.com\/fmnuestrasvoces.com.ar\/fmnv\/wp-content\/uploads\/2025\/02\/web3.jpg?fit=1860%2C1046&ssl=1\",\"articleSection\":[\"Noticias\"],\"inLanguage\":\"es\"},{\"@type\":\"WebPage\",\"@id\":\"https:\/\/fmnuestrasvoces.com.ar\/fmnv\/preocupante-situacion-edilicia-de-los-establecimientos-educativos-en-tierra-del-fuego-aeias\/\",\"url\":\"https:\/\/fmnuestrasvoces.com.ar\/fmnv\/preocupante-situacion-edilicia-de-los-establecimientos-educativos-en-tierra-del-fuego-aeias\/\",\"name\":\"Preocupante situaci\u00f3n edilicia de los establecimientos educativos en Tierra del Fuego AeIAS - FM Nuestras Voces\",\"isPartOf\":{\"@id\":\"https:\/\/fmnuestrasvoces.com.ar\/fmnv\/#website\"},\"primaryImageOfPage\":{\"@id\":\"https:\/\/fmnuestrasvoces.com.ar\/fmnv\/preocupante-situacion-edilicia-de-los-establecimientos-educativos-en-tierra-del-fuego-aeias\/#primaryimage\"},\"image\":{\"@id\":\"https:\/\/fmnuestrasvoces.com.ar\/fmnv\/preocupante-situacion-edilicia-de-los-establecimientos-educativos-en-tierra-del-fuego-aeias\/#primaryimage\"},\"thumbnailUrl\":\"https:\/\/i0.wp.com\/fmnuestrasvoces.com.ar\/fmnv\/wp-content\/uploads\/2025\/02\/web3.jpg?fit=1860%2C1046&ssl=1\",\"datePublished\":\"2025-02-24T18:28:56+00:00\",\"dateModified\":\"2025-02-24T18:30:52+00:00\",\"breadcrumb\":{\"@id\":\"https:\/\/fmnuestrasvoces.com.ar\/fmnv\/preocupante-situacion-edilicia-de-los-establecimientos-educativos-en-tierra-del-fuego-aeias\/#breadcrumb\"},\"inLanguage\":\"es\",\"potentialAction\":[{\"@type\":\"ReadAction\",\"target\":[\"https:\/\/fmnuestrasvoces.com.ar\/fmnv\/preocupante-situacion-edilicia-de-los-establecimientos-educativos-en-tierra-del-fuego-aeias\/\"]}]},{\"@type\":\"ImageObject\",\"inLanguage\":\"es\",\"@id\":\"https:\/\/fmnuestrasvoces.com.ar\/fmnv\/preocupante-situacion-edilicia-de-los-establecimientos-educativos-en-tierra-del-fuego-aeias\/#primaryimage\",\"url\":\"https:\/\/i0.wp.com\/fmnuestrasvoces.com.ar\/fmnv\/wp-content\/uploads\/2025\/02\/web3.jpg?fit=1860%2C1046&ssl=1\",\"contentUrl\":\"https:\/\/i0.wp.com\/fmnuestrasvoces.com.ar\/fmnv\/wp-content\/uploads\/2025\/02\/web3.jpg?fit=1860%2C1046&ssl=1\",\"width\":1860,\"height\":1046},{\"@type\":\"BreadcrumbList\",\"@id\":\"https:\/\/fmnuestrasvoces.com.ar\/fmnv\/preocupante-situacion-edilicia-de-los-establecimientos-educativos-en-tierra-del-fuego-aeias\/#breadcrumb\",\"itemListElement\":[{\"@type\":\"ListItem\",\"position\":1,\"name\":\"Portada\",\"item\":\"https:\/\/fmnuestrasvoces.com.ar\/fmnv\/\"},{\"@type\":\"ListItem\",\"position\":2,\"name\":\"Preocupante situaci\u00f3n edilicia de los establecimientos educativos en Tierra del Fuego AeIAS\"}]},{\"@type\":\"WebSite\",\"@id\":\"https:\/\/fmnuestrasvoces.com.ar\/fmnv\/#website\",\"url\":\"https:\/\/fmnuestrasvoces.com.ar\/fmnv\/\",\"name\":\"FM Nuestras Voces\",\"description\":\"La radio comunitaria de Tierra del Fuego, Ant\u00e1rtida e Islas del Atl\u00e1ntico Sur\",\"publisher\":{\"@id\":\"https:\/\/fmnuestrasvoces.com.ar\/fmnv\/#organization\"},\"potentialAction\":[{\"@type\":\"SearchAction\",\"target\":{\"@type\":\"EntryPoint\",\"urlTemplate\":\"https:\/\/fmnuestrasvoces.com.ar\/fmnv\/?s={search_term_string}\"},\"query-input\":{\"@type\":\"PropertyValueSpecification\",\"valueRequired\":true,\"valueName\":\"search_term_string\"}}],\"inLanguage\":\"es\"},{\"@type\":\"Organization\",\"@id\":\"https:\/\/fmnuestrasvoces.com.ar\/fmnv\/#organization\",\"name\":\"FM Nuestras Voces\",\"url\":\"https:\/\/fmnuestrasvoces.com.ar\/fmnv\/\",\"logo\":{\"@type\":\"ImageObject\",\"inLanguage\":\"es\",\"@id\":\"https:\/\/fmnuestrasvoces.com.ar\/fmnv\/#\/schema\/logo\/image\/\",\"url\":\"https:\/\/fmnuestrasvoces.com.ar\/fmnv\/wp-content\/uploads\/2024\/02\/Logo-1.svg\",\"contentUrl\":\"https:\/\/fmnuestrasvoces.com.ar\/fmnv\/wp-content\/uploads\/2024\/02\/Logo-1.svg\",\"width\":864,\"height\":268,\"caption\":\"FM Nuestras Voces\"},\"image\":{\"@id\":\"https:\/\/fmnuestrasvoces.com.ar\/fmnv\/#\/schema\/logo\/image\/\"}},{\"@type\":\"Person\",\"@id\":\"https:\/\/fmnuestrasvoces.com.ar\/fmnv\/#\/schema\/person\/46c854550d525ce0ebcb057864474dfb\",\"name\":\"fmnv\",\"image\":{\"@type\":\"ImageObject\",\"inLanguage\":\"es\",\"@id\":\"https:\/\/fmnuestrasvoces.com.ar\/fmnv\/#\/schema\/person\/image\/\",\"url\":\"https:\/\/secure.gravatar.com\/avatar\/66e61dcdc70b762f1f37822f172abe7f31cbb438813bb6fc6bdb8022a5f9adbe?s=96&d=mm&r=g\",\"contentUrl\":\"https:\/\/secure.gravatar.com\/avatar\/66e61dcdc70b762f1f37822f172abe7f31cbb438813bb6fc6bdb8022a5f9adbe?s=96&d=mm&r=g\",\"caption\":\"fmnv\"},\"url\":\"https:\/\/fmnuestrasvoces.com.ar\/fmnv\/author\/fmnv2021\/\"}]}<\/script>\n<!-- \/ Yoast SEO plugin. -->","yoast_head_json":{"title":"Preocupante situaci\u00f3n edilicia de los establecimientos educativos en Tierra del Fuego AeIAS - FM Nuestras Voces","robots":{"index":"index","follow":"follow","max-snippet":"max-snippet:-1","max-image-preview":"max-image-preview:large","max-video-preview":"max-video-preview:-1"},"canonical":"https:\/\/fmnuestrasvoces.com.ar\/fmnv\/preocupante-situacion-edilicia-de-los-establecimientos-educativos-en-tierra-del-fuego-aeias\/","og_locale":"es_ES","og_type":"article","og_title":"Preocupante situaci\u00f3n edilicia de los establecimientos educativos en Tierra del Fuego AeIAS - FM Nuestras Voces","og_description":"El secretario gremial de SUTEF, Alejandro G\u00f3mez, convers\u00f3 sobre la preocupante situaci\u00f3n edilicia de los establecimientos educativos en Tierra del Fuego AeIAS a partir de un relevamiento realizado a trav\u00e9s del cuerpo de delegadas y delegados. \u201cDurante el receso de verano se deben realizar la mayor cantidad de trabajos de infraestructura para que tanto personal [&hellip;]","og_url":"https:\/\/fmnuestrasvoces.com.ar\/fmnv\/preocupante-situacion-edilicia-de-los-establecimientos-educativos-en-tierra-del-fuego-aeias\/","og_site_name":"FM Nuestras Voces","article_published_time":"2025-02-24T18:28:56+00:00","article_modified_time":"2025-02-24T18:30:52+00:00","og_image":[{"width":1860,"height":1046,"url":"https:\/\/fmnuestrasvoces.com.ar\/fmnv\/wp-content\/uploads\/2025\/02\/web3.jpg","type":"image\/jpeg"}],"author":"fmnv","twitter_card":"summary_large_image","twitter_misc":{"Escrito por":"fmnv","Tiempo de lectura":"2 minutos"},"schema":{"@context":"https:\/\/schema.org","@graph":[{"@type":"Article","@id":"https:\/\/fmnuestrasvoces.com.ar\/fmnv\/preocupante-situacion-edilicia-de-los-establecimientos-educativos-en-tierra-del-fuego-aeias\/#article","isPartOf":{"@id":"https:\/\/fmnuestrasvoces.com.ar\/fmnv\/preocupante-situacion-edilicia-de-los-establecimientos-educativos-en-tierra-del-fuego-aeias\/"},"author":{"name":"fmnv","@id":"https:\/\/fmnuestrasvoces.com.ar\/fmnv\/#\/schema\/person\/46c854550d525ce0ebcb057864474dfb"},"headline":"Preocupante situaci\u00f3n edilicia de los establecimientos educativos en Tierra del Fuego AeIAS","datePublished":"2025-02-24T18:28:56+00:00","dateModified":"2025-02-24T18:30:52+00:00","mainEntityOfPage":{"@id":"https:\/\/fmnuestrasvoces.com.ar\/fmnv\/preocupante-situacion-edilicia-de-los-establecimientos-educativos-en-tierra-del-fuego-aeias\/"},"wordCount":332,"publisher":{"@id":"https:\/\/fmnuestrasvoces.com.ar\/fmnv\/#organization"},"image":{"@id":"https:\/\/fmnuestrasvoces.com.ar\/fmnv\/preocupante-situacion-edilicia-de-los-establecimientos-educativos-en-tierra-del-fuego-aeias\/#primaryimage"},"thumbnailUrl":"https:\/\/i0.wp.com\/fmnuestrasvoces.com.ar\/fmnv\/wp-content\/uploads\/2025\/02\/web3.jpg?fit=1860%2C1046&ssl=1","articleSection":["Noticias"],"inLanguage":"es"},{"@type":"WebPage","@id":"https:\/\/fmnuestrasvoces.com.ar\/fmnv\/preocupante-situacion-edilicia-de-los-establecimientos-educativos-en-tierra-del-fuego-aeias\/","url":"https:\/\/fmnuestrasvoces.com.ar\/fmnv\/preocupante-situacion-edilicia-de-los-establecimientos-educativos-en-tierra-del-fuego-aeias\/","name":"Preocupante situaci\u00f3n edilicia de los establecimientos educativos en Tierra del Fuego AeIAS - FM Nuestras Voces","isPartOf":{"@id":"https:\/\/fmnuestrasvoces.com.ar\/fmnv\/#website"},"primaryImageOfPage":{"@id":"https:\/\/fmnuestrasvoces.com.ar\/fmnv\/preocupante-situacion-edilicia-de-los-establecimientos-educativos-en-tierra-del-fuego-aeias\/#primaryimage"},"image":{"@id":"https:\/\/fmnuestrasvoces.com.ar\/fmnv\/preocupante-situacion-edilicia-de-los-establecimientos-educativos-en-tierra-del-fuego-aeias\/#primaryimage"},"thumbnailUrl":"https:\/\/i0.wp.com\/fmnuestrasvoces.com.ar\/fmnv\/wp-content\/uploads\/2025\/02\/web3.jpg?fit=1860%2C1046&ssl=1","datePublished":"2025-02-24T18:28:56+00:00","dateModified":"2025-02-24T18:30:52+00:00","breadcrumb":{"@id":"https:\/\/fmnuestrasvoces.com.ar\/fmnv\/preocupante-situacion-edilicia-de-los-establecimientos-educativos-en-tierra-del-fuego-aeias\/#breadcrumb"},"inLanguage":"es","potentialAction":[{"@type":"ReadAction","target":["https:\/\/fmnuestrasvoces.com.ar\/fmnv\/preocupante-situacion-edilicia-de-los-establecimientos-educativos-en-tierra-del-fuego-aeias\/"]}]},{"@type":"ImageObject","inLanguage":"es","@id":"https:\/\/fmnuestrasvoces.com.ar\/fmnv\/preocupante-situacion-edilicia-de-los-establecimientos-educativos-en-tierra-del-fuego-aeias\/#primaryimage","url":"https:\/\/i0.wp.com\/fmnuestrasvoces.com.ar\/fmnv\/wp-content\/uploads\/2025\/02\/web3.jpg?fit=1860%2C1046&ssl=1","contentUrl":"https:\/\/i0.wp.com\/fmnuestrasvoces.com.ar\/fmnv\/wp-content\/uploads\/2025\/02\/web3.jpg?fit=1860%2C1046&ssl=1","width":1860,"height":1046},{"@type":"BreadcrumbList","@id":"https:\/\/fmnuestrasvoces.com.ar\/fmnv\/preocupante-situacion-edilicia-de-los-establecimientos-educativos-en-tierra-del-fuego-aeias\/#breadcrumb","itemListElement":[{"@type":"ListItem","position":1,"name":"Portada","item":"https:\/\/fmnuestrasvoces.com.ar\/fmnv\/"},{"@type":"ListItem","position":2,"name":"Preocupante situaci\u00f3n edilicia de los establecimientos educativos en Tierra del Fuego AeIAS"}]},{"@type":"WebSite","@id":"https:\/\/fmnuestrasvoces.com.ar\/fmnv\/#website","url":"https:\/\/fmnuestrasvoces.com.ar\/fmnv\/","name":"FM Nuestras Voces","description":"La radio comunitaria de Tierra del Fuego, Ant\u00e1rtida e Islas del Atl\u00e1ntico Sur","publisher":{"@id":"https:\/\/fmnuestrasvoces.com.ar\/fmnv\/#organization"},"potentialAction":[{"@type":"SearchAction","target":{"@type":"EntryPoint","urlTemplate":"https:\/\/fmnuestrasvoces.com.ar\/fmnv\/?s={search_term_string}"},"query-input":{"@type":"PropertyValueSpecification","valueRequired":true,"valueName":"search_term_string"}}],"inLanguage":"es"},{"@type":"Organization","@id":"https:\/\/fmnuestrasvoces.com.ar\/fmnv\/#organization","name":"FM Nuestras Voces","url":"https:\/\/fmnuestrasvoces.com.ar\/fmnv\/","logo":{"@type":"ImageObject","inLanguage":"es","@id":"https:\/\/fmnuestrasvoces.com.ar\/fmnv\/#\/schema\/logo\/image\/","url":"https:\/\/fmnuestrasvoces.com.ar\/fmnv\/wp-content\/uploads\/2024\/02\/Logo-1.svg","contentUrl":"https:\/\/fmnuestrasvoces.com.ar\/fmnv\/wp-content\/uploads\/2024\/02\/Logo-1.svg","width":864,"height":268,"caption":"FM Nuestras Voces"},"image":{"@id":"https:\/\/fmnuestrasvoces.com.ar\/fmnv\/#\/schema\/logo\/image\/"}},{"@type":"Person","@id":"https:\/\/fmnuestrasvoces.com.ar\/fmnv\/#\/schema\/person\/46c854550d525ce0ebcb057864474dfb","name":"fmnv","image":{"@type":"ImageObject","inLanguage":"es","@id":"https:\/\/fmnuestrasvoces.com.ar\/fmnv\/#\/schema\/person\/image\/","url":"https:\/\/secure.gravatar.com\/avatar\/66e61dcdc70b762f1f37822f172abe7f31cbb438813bb6fc6bdb8022a5f9adbe?s=96&d=mm&r=g","contentUrl":"https:\/\/secure.gravatar.com\/avatar\/66e61dcdc70b762f1f37822f172abe7f31cbb438813bb6fc6bdb8022a5f9adbe?s=96&d=mm&r=g","caption":"fmnv"},"url":"https:\/\/fmnuestrasvoces.com.ar\/fmnv\/author\/fmnv2021\/"}]}},"jetpack_featured_media_url":"https:\/\/i0.wp.com\/fmnuestrasvoces.com.ar\/fmnv\/wp-content\/uploads\/2025\/02\/web3.jpg?fit=1860%2C1046&ssl=1","jetpack_shortlink":"https:\/\/wp.me\/pfy0zr-1yx","jetpack_sharing_enabled":true,"_links":{"self":[{"href":"https:\/\/fmnuestrasvoces.com.ar\/fmnv\/wp-json\/wp\/v2\/posts\/5985","targetHints":{"allow":["GET"]}}],"collection":[{"href":"https:\/\/fmnuestrasvoces.com.ar\/fmnv\/wp-json\/wp\/v2\/posts"}],"about":[{"href":"https:\/\/fmnuestrasvoces.com.ar\/fmnv\/wp-json\/wp\/v2\/types\/post"}],"author":[{"embeddable":true,"href":"https:\/\/fmnuestrasvoces.com.ar\/fmnv\/wp-json\/wp\/v2\/users\/2"}],"replies":[{"embeddable":true,"href":"https:\/\/fmnuestrasvoces.com.ar\/fmnv\/wp-json\/wp\/v2\/comments?post=5985"}],"version-history":[{"count":4,"href":"https:\/\/fmnuestrasvoces.com.ar\/fmnv\/wp-json\/wp\/v2\/posts\/5985\/revisions"}],"predecessor-version":[{"id":5990,"href":"https:\/\/fmnuestrasvoces.com.ar\/fmnv\/wp-json\/wp\/v2\/posts\/5985\/revisions\/5990"}],"wp:featuredmedia":[{"embeddable":true,"href":"https:\/\/fmnuestrasvoces.com.ar\/fmnv\/wp-json\/wp\/v2\/media\/5988"}],"wp:attachment":[{"href":"https:\/\/fmnuestrasvoces.com.ar\/fmnv\/wp-json\/wp\/v2\/media?parent=5985"}],"wp:term":[{"taxonomy":"category","embeddable":true,"href":"https:\/\/fmnuestrasvoces.com.ar\/fmnv\/wp-json\/wp\/v2\/categories?post=5985"},{"taxonomy":"post_tag","embeddable":true,"href":"https:\/\/fmnuestrasvoces.com.ar\/fmnv\/wp-json\/wp\/v2\/tags?post=5985"}],"curies":[{"name":"wp","href":"https:\/\/api.w.org\/{rel}","templated":true}]}}