{"id":5991,"date":"2025-02-24T21:15:16","date_gmt":"2025-02-25T00:15:16","guid":{"rendered":"https:\/\/fmnuestrasvoces.com.ar\/fmnv\/?p=5991"},"modified":"2025-02-24T21:15:16","modified_gmt":"2025-02-25T00:15:16","slug":"escuela-especial-nro-2-desde-el-ano-pasado-venimos-reclamando-cuestiones-edilicias","status":"publish","type":"post","link":"https:\/\/fmnuestrasvoces.com.ar\/fmnv\/escuela-especial-nro-2-desde-el-ano-pasado-venimos-reclamando-cuestiones-edilicias\/","title":{"rendered":"Escuela Especial Nro. 2: \u201cdesde el a\u00f1o pasado venimos reclamando cuestiones edilicias\u201d"},"content":{"rendered":"<p>A ra\u00edz de la colecta de pintura organizada por la comunidad educativa de la<strong> Escuela Especial Nro. 2 \u201cCasita de Luz\u201d de R\u00edo Grande,<\/strong> Tripulantes de la Ma\u00f1ana convers\u00f3 telef\u00f3nicamente con Rode Escalada, delegada de SUTEF en la instituci\u00f3n.<\/p>\n<p><strong>\u201cNosotros desde el a\u00f1o pasado venimos reclamando cuestiones edilicias que est\u00e1 atravesando la escuela, no solo de pintura, sino tambi\u00e9n en cuestiones de picaportes y puertas rotas con parches de chapas\u201d<\/strong>, explic\u00f3 Escalada.<\/p>\n<p>La iniciativa de la comunidad educativa se dio como respuesta a la falta de pintura de las aulas desde hace a\u00f1os, <strong>\u201choy habr\u00eda aparecido gente del gobierno para \u2018ayudar\u2019 a pintar\u201d<\/strong>, coment\u00f3.<\/p>\n<p>Cabe destacar que<strong> desde hace 5 a\u00f1os la legislatura fueguina declar\u00f3 la emergencia de la infraestructura edilicia; sin embargo, pese a los m\u00faltiples pedidos realizados al gobierno, la instituci\u00f3n cuenta con diversos problemas edilicios sin ser atendidos.<\/strong><\/p>\n<p>Una vez m\u00e1s insistimos en la importancia del cumplimiento de las condiciones m\u00ednimas de seguridad e higiene que no se est\u00e1n respetando y que hoy representan un peligro para toda la comunidad educativa, porque se pone en riesgo la seguridad de estudiantes, docentes y no docentes.<\/p>\n","protected":false},"excerpt":{"rendered":"<p>A ra\u00edz de la colecta de pintura organizada por la comunidad educativa de la Escuela Especial Nro. 2 \u201cCasita de Luz\u201d de R\u00edo Grande, Tripulantes de la Ma\u00f1ana convers\u00f3 telef\u00f3nicamente con Rode Escalada, delegada de SUTEF en la instituci\u00f3n. \u201cNosotros desde el a\u00f1o pasado venimos reclamando cuestiones edilicias que est\u00e1 atravesando la escuela, no solo [&hellip;]<\/p>\n","protected":false},"author":2,"featured_media":5992,"comment_status":"closed","ping_status":"open","sticky":false,"template":"","format":"standard","meta":{"_jetpack_memberships_contains_paid_content":false,"footnotes":""},"categories":[83],"tags":[],"class_list":["post-5991","post","type-post","status-publish","format-standard","has-post-thumbnail","hentry","category-noticias"],"yoast_head":"<!-- This site is optimized with the Yoast SEO plugin v25.6 - https:\/\/yoast.com\/wordpress\/plugins\/seo\/ -->\n<title>Escuela Especial Nro. 2: \u201cdesde el a\u00f1o pasado venimos reclamando cuestiones edilicias\u201d - FM Nuestras Voces<\/title>\n<meta name=\"robots\" content=\"index, follow, max-snippet:-1, max-image-preview:large, max-video-preview:-1\" \/>\n<link rel=\"canonical\" href=\"https:\/\/fmnuestrasvoces.com.ar\/fmnv\/escuela-especial-nro-2-desde-el-ano-pasado-venimos-reclamando-cuestiones-edilicias\/\" \/>\n<meta property=\"og:locale\" content=\"es_ES\" \/>\n<meta property=\"og:type\" content=\"article\" \/>\n<meta property=\"og:title\" content=\"Escuela Especial Nro. 2: \u201cdesde el a\u00f1o pasado venimos reclamando cuestiones edilicias\u201d - FM Nuestras Voces\" \/>\n<meta property=\"og:description\" content=\"A ra\u00edz de la colecta de pintura organizada por la comunidad educativa de la Escuela Especial Nro. 2 \u201cCasita de Luz\u201d de R\u00edo Grande, Tripulantes de la Ma\u00f1ana convers\u00f3 telef\u00f3nicamente con Rode Escalada, delegada de SUTEF en la instituci\u00f3n. \u201cNosotros desde el a\u00f1o pasado venimos reclamando cuestiones edilicias que est\u00e1 atravesando la escuela, no solo [&hellip;]\" \/>\n<meta property=\"og:url\" content=\"https:\/\/fmnuestrasvoces.com.ar\/fmnv\/escuela-especial-nro-2-desde-el-ano-pasado-venimos-reclamando-cuestiones-edilicias\/\" \/>\n<meta property=\"og:site_name\" content=\"FM Nuestras Voces\" \/>\n<meta property=\"article:published_time\" content=\"2025-02-25T00:15:16+00:00\" \/>\n<meta property=\"og:image\" content=\"https:\/\/fmnuestrasvoces.com.ar\/fmnv\/wp-content\/uploads\/2025\/02\/web4.jpg\" \/>\n\t<meta property=\"og:image:width\" content=\"1860\" \/>\n\t<meta property=\"og:image:height\" content=\"1046\" \/>\n\t<meta property=\"og:image:type\" content=\"image\/jpeg\" \/>\n<meta name=\"author\" content=\"fmnv\" \/>\n<meta name=\"twitter:card\" content=\"summary_large_image\" \/>\n<meta name=\"twitter:image\" content=\"https:\/\/i0.wp.com\/fmnuestrasvoces.com.ar\/fmnv\/wp-content\/uploads\/2025\/02\/web4.jpg?fit=1860%2C1046&ssl=1\" \/>\n<meta name=\"twitter:label1\" content=\"Escrito por\" \/>\n\t<meta name=\"twitter:data1\" content=\"fmnv\" \/>\n\t<meta name=\"twitter:label2\" content=\"Tiempo de lectura\" \/>\n\t<meta name=\"twitter:data2\" content=\"2 minutos\" \/>\n<script type=\"application\/ld+json\" class=\"yoast-schema-graph\">{\"@context\":\"https:\/\/schema.org\",\"@graph\":[{\"@type\":\"Article\",\"@id\":\"https:\/\/fmnuestrasvoces.com.ar\/fmnv\/escuela-especial-nro-2-desde-el-ano-pasado-venimos-reclamando-cuestiones-edilicias\/#article\",\"isPartOf\":{\"@id\":\"https:\/\/fmnuestrasvoces.com.ar\/fmnv\/escuela-especial-nro-2-desde-el-ano-pasado-venimos-reclamando-cuestiones-edilicias\/\"},\"author\":{\"name\":\"fmnv\",\"@id\":\"https:\/\/fmnuestrasvoces.com.ar\/fmnv\/#\/schema\/person\/46c854550d525ce0ebcb057864474dfb\"},\"headline\":\"Escuela Especial Nro. 2: \u201cdesde el a\u00f1o pasado venimos reclamando cuestiones edilicias\u201d\",\"datePublished\":\"2025-02-25T00:15:16+00:00\",\"mainEntityOfPage\":{\"@id\":\"https:\/\/fmnuestrasvoces.com.ar\/fmnv\/escuela-especial-nro-2-desde-el-ano-pasado-venimos-reclamando-cuestiones-edilicias\/\"},\"wordCount\":212,\"publisher\":{\"@id\":\"https:\/\/fmnuestrasvoces.com.ar\/fmnv\/#organization\"},\"image\":{\"@id\":\"https:\/\/fmnuestrasvoces.com.ar\/fmnv\/escuela-especial-nro-2-desde-el-ano-pasado-venimos-reclamando-cuestiones-edilicias\/#primaryimage\"},\"thumbnailUrl\":\"https:\/\/i0.wp.com\/fmnuestrasvoces.com.ar\/fmnv\/wp-content\/uploads\/2025\/02\/web4.jpg?fit=1860%2C1046&ssl=1\",\"articleSection\":[\"Noticias\"],\"inLanguage\":\"es\"},{\"@type\":\"WebPage\",\"@id\":\"https:\/\/fmnuestrasvoces.com.ar\/fmnv\/escuela-especial-nro-2-desde-el-ano-pasado-venimos-reclamando-cuestiones-edilicias\/\",\"url\":\"https:\/\/fmnuestrasvoces.com.ar\/fmnv\/escuela-especial-nro-2-desde-el-ano-pasado-venimos-reclamando-cuestiones-edilicias\/\",\"name\":\"Escuela Especial Nro. 2: \u201cdesde el a\u00f1o pasado venimos reclamando cuestiones edilicias\u201d - FM Nuestras Voces\",\"isPartOf\":{\"@id\":\"https:\/\/fmnuestrasvoces.com.ar\/fmnv\/#website\"},\"primaryImageOfPage\":{\"@id\":\"https:\/\/fmnuestrasvoces.com.ar\/fmnv\/escuela-especial-nro-2-desde-el-ano-pasado-venimos-reclamando-cuestiones-edilicias\/#primaryimage\"},\"image\":{\"@id\":\"https:\/\/fmnuestrasvoces.com.ar\/fmnv\/escuela-especial-nro-2-desde-el-ano-pasado-venimos-reclamando-cuestiones-edilicias\/#primaryimage\"},\"thumbnailUrl\":\"https:\/\/i0.wp.com\/fmnuestrasvoces.com.ar\/fmnv\/wp-content\/uploads\/2025\/02\/web4.jpg?fit=1860%2C1046&ssl=1\",\"datePublished\":\"2025-02-25T00:15:16+00:00\",\"breadcrumb\":{\"@id\":\"https:\/\/fmnuestrasvoces.com.ar\/fmnv\/escuela-especial-nro-2-desde-el-ano-pasado-venimos-reclamando-cuestiones-edilicias\/#breadcrumb\"},\"inLanguage\":\"es\",\"potentialAction\":[{\"@type\":\"ReadAction\",\"target\":[\"https:\/\/fmnuestrasvoces.com.ar\/fmnv\/escuela-especial-nro-2-desde-el-ano-pasado-venimos-reclamando-cuestiones-edilicias\/\"]}]},{\"@type\":\"ImageObject\",\"inLanguage\":\"es\",\"@id\":\"https:\/\/fmnuestrasvoces.com.ar\/fmnv\/escuela-especial-nro-2-desde-el-ano-pasado-venimos-reclamando-cuestiones-edilicias\/#primaryimage\",\"url\":\"https:\/\/i0.wp.com\/fmnuestrasvoces.com.ar\/fmnv\/wp-content\/uploads\/2025\/02\/web4.jpg?fit=1860%2C1046&ssl=1\",\"contentUrl\":\"https:\/\/i0.wp.com\/fmnuestrasvoces.com.ar\/fmnv\/wp-content\/uploads\/2025\/02\/web4.jpg?fit=1860%2C1046&ssl=1\",\"width\":1860,\"height\":1046},{\"@type\":\"BreadcrumbList\",\"@id\":\"https:\/\/fmnuestrasvoces.com.ar\/fmnv\/escuela-especial-nro-2-desde-el-ano-pasado-venimos-reclamando-cuestiones-edilicias\/#breadcrumb\",\"itemListElement\":[{\"@type\":\"ListItem\",\"position\":1,\"name\":\"Portada\",\"item\":\"https:\/\/fmnuestrasvoces.com.ar\/fmnv\/\"},{\"@type\":\"ListItem\",\"position\":2,\"name\":\"Escuela Especial Nro. 2: \u201cdesde el a\u00f1o pasado venimos reclamando cuestiones edilicias\u201d\"}]},{\"@type\":\"WebSite\",\"@id\":\"https:\/\/fmnuestrasvoces.com.ar\/fmnv\/#website\",\"url\":\"https:\/\/fmnuestrasvoces.com.ar\/fmnv\/\",\"name\":\"FM Nuestras Voces\",\"description\":\"La radio comunitaria de Tierra del Fuego, Ant\u00e1rtida e Islas del Atl\u00e1ntico Sur\",\"publisher\":{\"@id\":\"https:\/\/fmnuestrasvoces.com.ar\/fmnv\/#organization\"},\"potentialAction\":[{\"@type\":\"SearchAction\",\"target\":{\"@type\":\"EntryPoint\",\"urlTemplate\":\"https:\/\/fmnuestrasvoces.com.ar\/fmnv\/?s={search_term_string}\"},\"query-input\":{\"@type\":\"PropertyValueSpecification\",\"valueRequired\":true,\"valueName\":\"search_term_string\"}}],\"inLanguage\":\"es\"},{\"@type\":\"Organization\",\"@id\":\"https:\/\/fmnuestrasvoces.com.ar\/fmnv\/#organization\",\"name\":\"FM Nuestras Voces\",\"url\":\"https:\/\/fmnuestrasvoces.com.ar\/fmnv\/\",\"logo\":{\"@type\":\"ImageObject\",\"inLanguage\":\"es\",\"@id\":\"https:\/\/fmnuestrasvoces.com.ar\/fmnv\/#\/schema\/logo\/image\/\",\"url\":\"https:\/\/fmnuestrasvoces.com.ar\/fmnv\/wp-content\/uploads\/2024\/02\/Logo-1.svg\",\"contentUrl\":\"https:\/\/fmnuestrasvoces.com.ar\/fmnv\/wp-content\/uploads\/2024\/02\/Logo-1.svg\",\"width\":864,\"height\":268,\"caption\":\"FM Nuestras Voces\"},\"image\":{\"@id\":\"https:\/\/fmnuestrasvoces.com.ar\/fmnv\/#\/schema\/logo\/image\/\"}},{\"@type\":\"Person\",\"@id\":\"https:\/\/fmnuestrasvoces.com.ar\/fmnv\/#\/schema\/person\/46c854550d525ce0ebcb057864474dfb\",\"name\":\"fmnv\",\"image\":{\"@type\":\"ImageObject\",\"inLanguage\":\"es\",\"@id\":\"https:\/\/fmnuestrasvoces.com.ar\/fmnv\/#\/schema\/person\/image\/\",\"url\":\"https:\/\/secure.gravatar.com\/avatar\/66e61dcdc70b762f1f37822f172abe7f31cbb438813bb6fc6bdb8022a5f9adbe?s=96&d=mm&r=g\",\"contentUrl\":\"https:\/\/secure.gravatar.com\/avatar\/66e61dcdc70b762f1f37822f172abe7f31cbb438813bb6fc6bdb8022a5f9adbe?s=96&d=mm&r=g\",\"caption\":\"fmnv\"},\"url\":\"https:\/\/fmnuestrasvoces.com.ar\/fmnv\/author\/fmnv2021\/\"}]}<\/script>\n<!-- \/ Yoast SEO plugin. -->","yoast_head_json":{"title":"Escuela Especial Nro. 2: \u201cdesde el a\u00f1o pasado venimos reclamando cuestiones edilicias\u201d - FM Nuestras Voces","robots":{"index":"index","follow":"follow","max-snippet":"max-snippet:-1","max-image-preview":"max-image-preview:large","max-video-preview":"max-video-preview:-1"},"canonical":"https:\/\/fmnuestrasvoces.com.ar\/fmnv\/escuela-especial-nro-2-desde-el-ano-pasado-venimos-reclamando-cuestiones-edilicias\/","og_locale":"es_ES","og_type":"article","og_title":"Escuela Especial Nro. 2: \u201cdesde el a\u00f1o pasado venimos reclamando cuestiones edilicias\u201d - FM Nuestras Voces","og_description":"A ra\u00edz de la colecta de pintura organizada por la comunidad educativa de la Escuela Especial Nro. 2 \u201cCasita de Luz\u201d de R\u00edo Grande, Tripulantes de la Ma\u00f1ana convers\u00f3 telef\u00f3nicamente con Rode Escalada, delegada de SUTEF en la instituci\u00f3n. \u201cNosotros desde el a\u00f1o pasado venimos reclamando cuestiones edilicias que est\u00e1 atravesando la escuela, no solo [&hellip;]","og_url":"https:\/\/fmnuestrasvoces.com.ar\/fmnv\/escuela-especial-nro-2-desde-el-ano-pasado-venimos-reclamando-cuestiones-edilicias\/","og_site_name":"FM Nuestras Voces","article_published_time":"2025-02-25T00:15:16+00:00","og_image":[{"width":1860,"height":1046,"url":"https:\/\/fmnuestrasvoces.com.ar\/fmnv\/wp-content\/uploads\/2025\/02\/web4.jpg","type":"image\/jpeg"}],"author":"fmnv","twitter_card":"summary_large_image","twitter_image":"https:\/\/i0.wp.com\/fmnuestrasvoces.com.ar\/fmnv\/wp-content\/uploads\/2025\/02\/web4.jpg?fit=1860%2C1046&ssl=1","twitter_misc":{"Escrito por":"fmnv","Tiempo de lectura":"2 minutos"},"schema":{"@context":"https:\/\/schema.org","@graph":[{"@type":"Article","@id":"https:\/\/fmnuestrasvoces.com.ar\/fmnv\/escuela-especial-nro-2-desde-el-ano-pasado-venimos-reclamando-cuestiones-edilicias\/#article","isPartOf":{"@id":"https:\/\/fmnuestrasvoces.com.ar\/fmnv\/escuela-especial-nro-2-desde-el-ano-pasado-venimos-reclamando-cuestiones-edilicias\/"},"author":{"name":"fmnv","@id":"https:\/\/fmnuestrasvoces.com.ar\/fmnv\/#\/schema\/person\/46c854550d525ce0ebcb057864474dfb"},"headline":"Escuela Especial Nro. 2: \u201cdesde el a\u00f1o pasado venimos reclamando cuestiones edilicias\u201d","datePublished":"2025-02-25T00:15:16+00:00","mainEntityOfPage":{"@id":"https:\/\/fmnuestrasvoces.com.ar\/fmnv\/escuela-especial-nro-2-desde-el-ano-pasado-venimos-reclamando-cuestiones-edilicias\/"},"wordCount":212,"publisher":{"@id":"https:\/\/fmnuestrasvoces.com.ar\/fmnv\/#organization"},"image":{"@id":"https:\/\/fmnuestrasvoces.com.ar\/fmnv\/escuela-especial-nro-2-desde-el-ano-pasado-venimos-reclamando-cuestiones-edilicias\/#primaryimage"},"thumbnailUrl":"https:\/\/i0.wp.com\/fmnuestrasvoces.com.ar\/fmnv\/wp-content\/uploads\/2025\/02\/web4.jpg?fit=1860%2C1046&ssl=1","articleSection":["Noticias"],"inLanguage":"es"},{"@type":"WebPage","@id":"https:\/\/fmnuestrasvoces.com.ar\/fmnv\/escuela-especial-nro-2-desde-el-ano-pasado-venimos-reclamando-cuestiones-edilicias\/","url":"https:\/\/fmnuestrasvoces.com.ar\/fmnv\/escuela-especial-nro-2-desde-el-ano-pasado-venimos-reclamando-cuestiones-edilicias\/","name":"Escuela Especial Nro. 2: \u201cdesde el a\u00f1o pasado venimos reclamando cuestiones edilicias\u201d - FM Nuestras Voces","isPartOf":{"@id":"https:\/\/fmnuestrasvoces.com.ar\/fmnv\/#website"},"primaryImageOfPage":{"@id":"https:\/\/fmnuestrasvoces.com.ar\/fmnv\/escuela-especial-nro-2-desde-el-ano-pasado-venimos-reclamando-cuestiones-edilicias\/#primaryimage"},"image":{"@id":"https:\/\/fmnuestrasvoces.com.ar\/fmnv\/escuela-especial-nro-2-desde-el-ano-pasado-venimos-reclamando-cuestiones-edilicias\/#primaryimage"},"thumbnailUrl":"https:\/\/i0.wp.com\/fmnuestrasvoces.com.ar\/fmnv\/wp-content\/uploads\/2025\/02\/web4.jpg?fit=1860%2C1046&ssl=1","datePublished":"2025-02-25T00:15:16+00:00","breadcrumb":{"@id":"https:\/\/fmnuestrasvoces.com.ar\/fmnv\/escuela-especial-nro-2-desde-el-ano-pasado-venimos-reclamando-cuestiones-edilicias\/#breadcrumb"},"inLanguage":"es","potentialAction":[{"@type":"ReadAction","target":["https:\/\/fmnuestrasvoces.com.ar\/fmnv\/escuela-especial-nro-2-desde-el-ano-pasado-venimos-reclamando-cuestiones-edilicias\/"]}]},{"@type":"ImageObject","inLanguage":"es","@id":"https:\/\/fmnuestrasvoces.com.ar\/fmnv\/escuela-especial-nro-2-desde-el-ano-pasado-venimos-reclamando-cuestiones-edilicias\/#primaryimage","url":"https:\/\/i0.wp.com\/fmnuestrasvoces.com.ar\/fmnv\/wp-content\/uploads\/2025\/02\/web4.jpg?fit=1860%2C1046&ssl=1","contentUrl":"https:\/\/i0.wp.com\/fmnuestrasvoces.com.ar\/fmnv\/wp-content\/uploads\/2025\/02\/web4.jpg?fit=1860%2C1046&ssl=1","width":1860,"height":1046},{"@type":"BreadcrumbList","@id":"https:\/\/fmnuestrasvoces.com.ar\/fmnv\/escuela-especial-nro-2-desde-el-ano-pasado-venimos-reclamando-cuestiones-edilicias\/#breadcrumb","itemListElement":[{"@type":"ListItem","position":1,"name":"Portada","item":"https:\/\/fmnuestrasvoces.com.ar\/fmnv\/"},{"@type":"ListItem","position":2,"name":"Escuela Especial Nro. 2: \u201cdesde el a\u00f1o pasado venimos reclamando cuestiones edilicias\u201d"}]},{"@type":"WebSite","@id":"https:\/\/fmnuestrasvoces.com.ar\/fmnv\/#website","url":"https:\/\/fmnuestrasvoces.com.ar\/fmnv\/","name":"FM Nuestras Voces","description":"La radio comunitaria de Tierra del Fuego, Ant\u00e1rtida e Islas del Atl\u00e1ntico Sur","publisher":{"@id":"https:\/\/fmnuestrasvoces.com.ar\/fmnv\/#organization"},"potentialAction":[{"@type":"SearchAction","target":{"@type":"EntryPoint","urlTemplate":"https:\/\/fmnuestrasvoces.com.ar\/fmnv\/?s={search_term_string}"},"query-input":{"@type":"PropertyValueSpecification","valueRequired":true,"valueName":"search_term_string"}}],"inLanguage":"es"},{"@type":"Organization","@id":"https:\/\/fmnuestrasvoces.com.ar\/fmnv\/#organization","name":"FM Nuestras Voces","url":"https:\/\/fmnuestrasvoces.com.ar\/fmnv\/","logo":{"@type":"ImageObject","inLanguage":"es","@id":"https:\/\/fmnuestrasvoces.com.ar\/fmnv\/#\/schema\/logo\/image\/","url":"https:\/\/fmnuestrasvoces.com.ar\/fmnv\/wp-content\/uploads\/2024\/02\/Logo-1.svg","contentUrl":"https:\/\/fmnuestrasvoces.com.ar\/fmnv\/wp-content\/uploads\/2024\/02\/Logo-1.svg","width":864,"height":268,"caption":"FM Nuestras Voces"},"image":{"@id":"https:\/\/fmnuestrasvoces.com.ar\/fmnv\/#\/schema\/logo\/image\/"}},{"@type":"Person","@id":"https:\/\/fmnuestrasvoces.com.ar\/fmnv\/#\/schema\/person\/46c854550d525ce0ebcb057864474dfb","name":"fmnv","image":{"@type":"ImageObject","inLanguage":"es","@id":"https:\/\/fmnuestrasvoces.com.ar\/fmnv\/#\/schema\/person\/image\/","url":"https:\/\/secure.gravatar.com\/avatar\/66e61dcdc70b762f1f37822f172abe7f31cbb438813bb6fc6bdb8022a5f9adbe?s=96&d=mm&r=g","contentUrl":"https:\/\/secure.gravatar.com\/avatar\/66e61dcdc70b762f1f37822f172abe7f31cbb438813bb6fc6bdb8022a5f9adbe?s=96&d=mm&r=g","caption":"fmnv"},"url":"https:\/\/fmnuestrasvoces.com.ar\/fmnv\/author\/fmnv2021\/"}]}},"jetpack_featured_media_url":"https:\/\/i0.wp.com\/fmnuestrasvoces.com.ar\/fmnv\/wp-content\/uploads\/2025\/02\/web4.jpg?fit=1860%2C1046&ssl=1","jetpack_shortlink":"https:\/\/wp.me\/pfy0zr-1yD","jetpack_sharing_enabled":true,"_links":{"self":[{"href":"https:\/\/fmnuestrasvoces.com.ar\/fmnv\/wp-json\/wp\/v2\/posts\/5991","targetHints":{"allow":["GET"]}}],"collection":[{"href":"https:\/\/fmnuestrasvoces.com.ar\/fmnv\/wp-json\/wp\/v2\/posts"}],"about":[{"href":"https:\/\/fmnuestrasvoces.com.ar\/fmnv\/wp-json\/wp\/v2\/types\/post"}],"author":[{"embeddable":true,"href":"https:\/\/fmnuestrasvoces.com.ar\/fmnv\/wp-json\/wp\/v2\/users\/2"}],"replies":[{"embeddable":true,"href":"https:\/\/fmnuestrasvoces.com.ar\/fmnv\/wp-json\/wp\/v2\/comments?post=5991"}],"version-history":[{"count":1,"href":"https:\/\/fmnuestrasvoces.com.ar\/fmnv\/wp-json\/wp\/v2\/posts\/5991\/revisions"}],"predecessor-version":[{"id":5993,"href":"https:\/\/fmnuestrasvoces.com.ar\/fmnv\/wp-json\/wp\/v2\/posts\/5991\/revisions\/5993"}],"wp:featuredmedia":[{"embeddable":true,"href":"https:\/\/fmnuestrasvoces.com.ar\/fmnv\/wp-json\/wp\/v2\/media\/5992"}],"wp:attachment":[{"href":"https:\/\/fmnuestrasvoces.com.ar\/fmnv\/wp-json\/wp\/v2\/media?parent=5991"}],"wp:term":[{"taxonomy":"category","embeddable":true,"href":"https:\/\/fmnuestrasvoces.com.ar\/fmnv\/wp-json\/wp\/v2\/categories?post=5991"},{"taxonomy":"post_tag","embeddable":true,"href":"https:\/\/fmnuestrasvoces.com.ar\/fmnv\/wp-json\/wp\/v2\/tags?post=5991"}],"curies":[{"name":"wp","href":"https:\/\/api.w.org\/{rel}","templated":true}]}}