{"id":6001,"date":"2025-02-26T14:05:16","date_gmt":"2025-02-26T17:05:16","guid":{"rendered":"https:\/\/fmnuestrasvoces.com.ar\/fmnv\/?p=6001"},"modified":"2025-02-26T14:06:30","modified_gmt":"2025-02-26T17:06:30","slug":"reclamo-en-radio-victoria","status":"publish","type":"post","link":"https:\/\/fmnuestrasvoces.com.ar\/fmnv\/reclamo-en-radio-victoria\/","title":{"rendered":"Reclamo en Radio Victoria por aumento salarial y contra la precarizaci\u00f3n laboral"},"content":{"rendered":"<p><strong>A ra\u00edz de despidos, precarizaci\u00f3n laboral, bajos salarios y despidos arbitrarios, las trabajadoras y trabajadores de la f\u00e1brica Radio Victoria, ubicada en la ciudad de R\u00edo Grande, est\u00e1n llevando a cabo medidas de fuerza que incluyen la paralizaci\u00f3n de la producci\u00f3n.<\/strong><\/p>\n<p>En una entrevista con el programa radial \u00abTripulantes de la Ma\u00f1ana\u00bb, <strong>el delegado de la UOM, Pablo Ib\u00e1\u00f1ez,<\/strong> explic\u00f3 que a fines de 2023 la empresa comenz\u00f3 a implementar pol\u00edticas que carecen de cualquier grado de humanidad.<strong> La empresa empez\u00f3 a despedir a trabajadoras y trabajadores que se encontraban con licencias m\u00e9dicas debido a enfermedades laborales, resultado de los ritmos de producci\u00f3n que se implementaron en los \u00faltimos a\u00f1os. <\/strong>El delegado subray\u00f3 que, desde que Enrique Jurkowski asumi\u00f3 la presidencia de la c\u00e1mara empresarial AFARTE, las pr\u00e1cticas de maltrato han aumentado.<\/p>\n<p><iframe width=\"560\" height=\"315\" src=\"https:\/\/www.youtube-nocookie.com\/embed\/Fer6rUv4Jc4?si=8hEroVBsUDGRnohN\" title=\"YouTube video player\" frameborder=\"0\" allow=\"accelerometer; autoplay; clipboard-write; encrypted-media; gyroscope; picture-in-picture; web-share\" referrerpolicy=\"strict-origin-when-cross-origin\" allowfullscreen><\/iframe><\/p>\n<p><strong>\u00abHace tiempo que venimos discutiendo un petitorio que aborda asuntos relacionados con las categor\u00edas establecidas en el Convenio y con la continuidad laboral de cientos de contratados, ya que se realizan contratos mes a mes\u00bb<\/strong>, se\u00f1al\u00f3 Ib\u00e1\u00f1ez, explicando que la contrataci\u00f3n mes a mes persiste a pesar de que Radio Victoria tiene proyecci\u00f3n de producci\u00f3n e incluso ha tenido una producci\u00f3n r\u00e9cord durante 2024.<\/p>\n<p>El delegado enfatiz\u00f3 la urgente necesidad de recomponer los salarios, que actualmente son insuficientes. En este contexto, explic\u00f3 que la imposici\u00f3n del gobierno nacional de firmar paritarias por debajo de los \u00edndices de inflaci\u00f3n ha \u00abaplastado los salarios\u00bb, hasta el punto de que<strong> \u00abel sueldo de un trabajador reci\u00e9n ingresado no alcanza para cubrir la canasta b\u00e1sica, fijada en $1.600.000 en diciembre de 2024\u00bb, dado que actualmente un ingresante percibe solo $1.200.000.<\/strong><\/p>\n<p>Las trabajadoras y trabajadores tienen previsto continuar con su plan de lucha, evaluando diariamente las medidas a tomar. \u201cSi es necesario levantar la medida por una convocatoria a reuni\u00f3n, o si es necesario profundizar, lo haremos\u201d, concluy\u00f3.<\/p>\n","protected":false},"excerpt":{"rendered":"<p>A ra\u00edz de despidos, precarizaci\u00f3n laboral, bajos salarios y despidos arbitrarios, las trabajadoras y trabajadores de la f\u00e1brica Radio Victoria, ubicada en la ciudad de R\u00edo Grande, est\u00e1n llevando a cabo medidas de fuerza que incluyen la paralizaci\u00f3n de la producci\u00f3n. En una entrevista con el programa radial \u00abTripulantes de la Ma\u00f1ana\u00bb, el delegado de [&hellip;]<\/p>\n","protected":false},"author":2,"featured_media":6002,"comment_status":"closed","ping_status":"open","sticky":false,"template":"","format":"standard","meta":{"_jetpack_memberships_contains_paid_content":false,"footnotes":""},"categories":[83],"tags":[],"class_list":["post-6001","post","type-post","status-publish","format-standard","has-post-thumbnail","hentry","category-noticias"],"yoast_head":"<!-- This site is optimized with the Yoast SEO plugin v25.6 - https:\/\/yoast.com\/wordpress\/plugins\/seo\/ -->\n<title>Reclamo en Radio Victoria por aumento salarial y contra la precarizaci\u00f3n laboral - FM Nuestras Voces<\/title>\n<meta name=\"robots\" content=\"index, follow, max-snippet:-1, max-image-preview:large, max-video-preview:-1\" \/>\n<link rel=\"canonical\" href=\"https:\/\/fmnuestrasvoces.com.ar\/fmnv\/reclamo-en-radio-victoria\/\" \/>\n<meta property=\"og:locale\" content=\"es_ES\" \/>\n<meta property=\"og:type\" content=\"article\" \/>\n<meta property=\"og:title\" content=\"Reclamo en Radio Victoria por aumento salarial y contra la precarizaci\u00f3n laboral - FM Nuestras Voces\" \/>\n<meta property=\"og:description\" content=\"A ra\u00edz de despidos, precarizaci\u00f3n laboral, bajos salarios y despidos arbitrarios, las trabajadoras y trabajadores de la f\u00e1brica Radio Victoria, ubicada en la ciudad de R\u00edo Grande, est\u00e1n llevando a cabo medidas de fuerza que incluyen la paralizaci\u00f3n de la producci\u00f3n. En una entrevista con el programa radial \u00abTripulantes de la Ma\u00f1ana\u00bb, el delegado de [&hellip;]\" \/>\n<meta property=\"og:url\" content=\"https:\/\/fmnuestrasvoces.com.ar\/fmnv\/reclamo-en-radio-victoria\/\" \/>\n<meta property=\"og:site_name\" content=\"FM Nuestras Voces\" \/>\n<meta property=\"article:published_time\" content=\"2025-02-26T17:05:16+00:00\" \/>\n<meta property=\"article:modified_time\" content=\"2025-02-26T17:06:30+00:00\" \/>\n<meta property=\"og:image\" content=\"https:\/\/fmnuestrasvoces.com.ar\/fmnv\/wp-content\/uploads\/2025\/02\/web-2.jpg\" \/>\n\t<meta property=\"og:image:width\" content=\"1860\" \/>\n\t<meta property=\"og:image:height\" content=\"1046\" \/>\n\t<meta property=\"og:image:type\" content=\"image\/jpeg\" \/>\n<meta name=\"author\" content=\"fmnv\" \/>\n<meta name=\"twitter:card\" content=\"summary_large_image\" \/>\n<meta name=\"twitter:label1\" content=\"Escrito por\" \/>\n\t<meta name=\"twitter:data1\" content=\"fmnv\" \/>\n\t<meta name=\"twitter:label2\" content=\"Tiempo de lectura\" \/>\n\t<meta name=\"twitter:data2\" content=\"2 minutos\" \/>\n<script type=\"application\/ld+json\" class=\"yoast-schema-graph\">{\"@context\":\"https:\/\/schema.org\",\"@graph\":[{\"@type\":\"Article\",\"@id\":\"https:\/\/fmnuestrasvoces.com.ar\/fmnv\/reclamo-en-radio-victoria\/#article\",\"isPartOf\":{\"@id\":\"https:\/\/fmnuestrasvoces.com.ar\/fmnv\/reclamo-en-radio-victoria\/\"},\"author\":{\"name\":\"fmnv\",\"@id\":\"https:\/\/fmnuestrasvoces.com.ar\/fmnv\/#\/schema\/person\/46c854550d525ce0ebcb057864474dfb\"},\"headline\":\"Reclamo en Radio Victoria por aumento salarial y contra la precarizaci\u00f3n laboral\",\"datePublished\":\"2025-02-26T17:05:16+00:00\",\"dateModified\":\"2025-02-26T17:06:30+00:00\",\"mainEntityOfPage\":{\"@id\":\"https:\/\/fmnuestrasvoces.com.ar\/fmnv\/reclamo-en-radio-victoria\/\"},\"wordCount\":341,\"publisher\":{\"@id\":\"https:\/\/fmnuestrasvoces.com.ar\/fmnv\/#organization\"},\"image\":{\"@id\":\"https:\/\/fmnuestrasvoces.com.ar\/fmnv\/reclamo-en-radio-victoria\/#primaryimage\"},\"thumbnailUrl\":\"https:\/\/i0.wp.com\/fmnuestrasvoces.com.ar\/fmnv\/wp-content\/uploads\/2025\/02\/web-2.jpg?fit=1860%2C1046&ssl=1\",\"articleSection\":[\"Noticias\"],\"inLanguage\":\"es\"},{\"@type\":\"WebPage\",\"@id\":\"https:\/\/fmnuestrasvoces.com.ar\/fmnv\/reclamo-en-radio-victoria\/\",\"url\":\"https:\/\/fmnuestrasvoces.com.ar\/fmnv\/reclamo-en-radio-victoria\/\",\"name\":\"Reclamo en Radio Victoria por aumento salarial y contra la precarizaci\u00f3n laboral - FM Nuestras Voces\",\"isPartOf\":{\"@id\":\"https:\/\/fmnuestrasvoces.com.ar\/fmnv\/#website\"},\"primaryImageOfPage\":{\"@id\":\"https:\/\/fmnuestrasvoces.com.ar\/fmnv\/reclamo-en-radio-victoria\/#primaryimage\"},\"image\":{\"@id\":\"https:\/\/fmnuestrasvoces.com.ar\/fmnv\/reclamo-en-radio-victoria\/#primaryimage\"},\"thumbnailUrl\":\"https:\/\/i0.wp.com\/fmnuestrasvoces.com.ar\/fmnv\/wp-content\/uploads\/2025\/02\/web-2.jpg?fit=1860%2C1046&ssl=1\",\"datePublished\":\"2025-02-26T17:05:16+00:00\",\"dateModified\":\"2025-02-26T17:06:30+00:00\",\"breadcrumb\":{\"@id\":\"https:\/\/fmnuestrasvoces.com.ar\/fmnv\/reclamo-en-radio-victoria\/#breadcrumb\"},\"inLanguage\":\"es\",\"potentialAction\":[{\"@type\":\"ReadAction\",\"target\":[\"https:\/\/fmnuestrasvoces.com.ar\/fmnv\/reclamo-en-radio-victoria\/\"]}]},{\"@type\":\"ImageObject\",\"inLanguage\":\"es\",\"@id\":\"https:\/\/fmnuestrasvoces.com.ar\/fmnv\/reclamo-en-radio-victoria\/#primaryimage\",\"url\":\"https:\/\/i0.wp.com\/fmnuestrasvoces.com.ar\/fmnv\/wp-content\/uploads\/2025\/02\/web-2.jpg?fit=1860%2C1046&ssl=1\",\"contentUrl\":\"https:\/\/i0.wp.com\/fmnuestrasvoces.com.ar\/fmnv\/wp-content\/uploads\/2025\/02\/web-2.jpg?fit=1860%2C1046&ssl=1\",\"width\":1860,\"height\":1046},{\"@type\":\"BreadcrumbList\",\"@id\":\"https:\/\/fmnuestrasvoces.com.ar\/fmnv\/reclamo-en-radio-victoria\/#breadcrumb\",\"itemListElement\":[{\"@type\":\"ListItem\",\"position\":1,\"name\":\"Portada\",\"item\":\"https:\/\/fmnuestrasvoces.com.ar\/fmnv\/\"},{\"@type\":\"ListItem\",\"position\":2,\"name\":\"Reclamo en Radio Victoria por aumento salarial y contra la precarizaci\u00f3n laboral\"}]},{\"@type\":\"WebSite\",\"@id\":\"https:\/\/fmnuestrasvoces.com.ar\/fmnv\/#website\",\"url\":\"https:\/\/fmnuestrasvoces.com.ar\/fmnv\/\",\"name\":\"FM Nuestras Voces\",\"description\":\"La radio comunitaria de Tierra del Fuego, Ant\u00e1rtida e Islas del Atl\u00e1ntico Sur\",\"publisher\":{\"@id\":\"https:\/\/fmnuestrasvoces.com.ar\/fmnv\/#organization\"},\"potentialAction\":[{\"@type\":\"SearchAction\",\"target\":{\"@type\":\"EntryPoint\",\"urlTemplate\":\"https:\/\/fmnuestrasvoces.com.ar\/fmnv\/?s={search_term_string}\"},\"query-input\":{\"@type\":\"PropertyValueSpecification\",\"valueRequired\":true,\"valueName\":\"search_term_string\"}}],\"inLanguage\":\"es\"},{\"@type\":\"Organization\",\"@id\":\"https:\/\/fmnuestrasvoces.com.ar\/fmnv\/#organization\",\"name\":\"FM Nuestras Voces\",\"url\":\"https:\/\/fmnuestrasvoces.com.ar\/fmnv\/\",\"logo\":{\"@type\":\"ImageObject\",\"inLanguage\":\"es\",\"@id\":\"https:\/\/fmnuestrasvoces.com.ar\/fmnv\/#\/schema\/logo\/image\/\",\"url\":\"https:\/\/fmnuestrasvoces.com.ar\/fmnv\/wp-content\/uploads\/2024\/02\/Logo-1.svg\",\"contentUrl\":\"https:\/\/fmnuestrasvoces.com.ar\/fmnv\/wp-content\/uploads\/2024\/02\/Logo-1.svg\",\"width\":864,\"height\":268,\"caption\":\"FM Nuestras Voces\"},\"image\":{\"@id\":\"https:\/\/fmnuestrasvoces.com.ar\/fmnv\/#\/schema\/logo\/image\/\"}},{\"@type\":\"Person\",\"@id\":\"https:\/\/fmnuestrasvoces.com.ar\/fmnv\/#\/schema\/person\/46c854550d525ce0ebcb057864474dfb\",\"name\":\"fmnv\",\"image\":{\"@type\":\"ImageObject\",\"inLanguage\":\"es\",\"@id\":\"https:\/\/fmnuestrasvoces.com.ar\/fmnv\/#\/schema\/person\/image\/\",\"url\":\"https:\/\/secure.gravatar.com\/avatar\/66e61dcdc70b762f1f37822f172abe7f31cbb438813bb6fc6bdb8022a5f9adbe?s=96&d=mm&r=g\",\"contentUrl\":\"https:\/\/secure.gravatar.com\/avatar\/66e61dcdc70b762f1f37822f172abe7f31cbb438813bb6fc6bdb8022a5f9adbe?s=96&d=mm&r=g\",\"caption\":\"fmnv\"},\"url\":\"https:\/\/fmnuestrasvoces.com.ar\/fmnv\/author\/fmnv2021\/\"}]}<\/script>\n<!-- \/ Yoast SEO plugin. -->","yoast_head_json":{"title":"Reclamo en Radio Victoria por aumento salarial y contra la precarizaci\u00f3n laboral - FM Nuestras Voces","robots":{"index":"index","follow":"follow","max-snippet":"max-snippet:-1","max-image-preview":"max-image-preview:large","max-video-preview":"max-video-preview:-1"},"canonical":"https:\/\/fmnuestrasvoces.com.ar\/fmnv\/reclamo-en-radio-victoria\/","og_locale":"es_ES","og_type":"article","og_title":"Reclamo en Radio Victoria por aumento salarial y contra la precarizaci\u00f3n laboral - FM Nuestras Voces","og_description":"A ra\u00edz de despidos, precarizaci\u00f3n laboral, bajos salarios y despidos arbitrarios, las trabajadoras y trabajadores de la f\u00e1brica Radio Victoria, ubicada en la ciudad de R\u00edo Grande, est\u00e1n llevando a cabo medidas de fuerza que incluyen la paralizaci\u00f3n de la producci\u00f3n. En una entrevista con el programa radial \u00abTripulantes de la Ma\u00f1ana\u00bb, el delegado de [&hellip;]","og_url":"https:\/\/fmnuestrasvoces.com.ar\/fmnv\/reclamo-en-radio-victoria\/","og_site_name":"FM Nuestras Voces","article_published_time":"2025-02-26T17:05:16+00:00","article_modified_time":"2025-02-26T17:06:30+00:00","og_image":[{"width":1860,"height":1046,"url":"https:\/\/fmnuestrasvoces.com.ar\/fmnv\/wp-content\/uploads\/2025\/02\/web-2.jpg","type":"image\/jpeg"}],"author":"fmnv","twitter_card":"summary_large_image","twitter_misc":{"Escrito por":"fmnv","Tiempo de lectura":"2 minutos"},"schema":{"@context":"https:\/\/schema.org","@graph":[{"@type":"Article","@id":"https:\/\/fmnuestrasvoces.com.ar\/fmnv\/reclamo-en-radio-victoria\/#article","isPartOf":{"@id":"https:\/\/fmnuestrasvoces.com.ar\/fmnv\/reclamo-en-radio-victoria\/"},"author":{"name":"fmnv","@id":"https:\/\/fmnuestrasvoces.com.ar\/fmnv\/#\/schema\/person\/46c854550d525ce0ebcb057864474dfb"},"headline":"Reclamo en Radio Victoria por aumento salarial y contra la precarizaci\u00f3n laboral","datePublished":"2025-02-26T17:05:16+00:00","dateModified":"2025-02-26T17:06:30+00:00","mainEntityOfPage":{"@id":"https:\/\/fmnuestrasvoces.com.ar\/fmnv\/reclamo-en-radio-victoria\/"},"wordCount":341,"publisher":{"@id":"https:\/\/fmnuestrasvoces.com.ar\/fmnv\/#organization"},"image":{"@id":"https:\/\/fmnuestrasvoces.com.ar\/fmnv\/reclamo-en-radio-victoria\/#primaryimage"},"thumbnailUrl":"https:\/\/i0.wp.com\/fmnuestrasvoces.com.ar\/fmnv\/wp-content\/uploads\/2025\/02\/web-2.jpg?fit=1860%2C1046&ssl=1","articleSection":["Noticias"],"inLanguage":"es"},{"@type":"WebPage","@id":"https:\/\/fmnuestrasvoces.com.ar\/fmnv\/reclamo-en-radio-victoria\/","url":"https:\/\/fmnuestrasvoces.com.ar\/fmnv\/reclamo-en-radio-victoria\/","name":"Reclamo en Radio Victoria por aumento salarial y contra la precarizaci\u00f3n laboral - FM Nuestras Voces","isPartOf":{"@id":"https:\/\/fmnuestrasvoces.com.ar\/fmnv\/#website"},"primaryImageOfPage":{"@id":"https:\/\/fmnuestrasvoces.com.ar\/fmnv\/reclamo-en-radio-victoria\/#primaryimage"},"image":{"@id":"https:\/\/fmnuestrasvoces.com.ar\/fmnv\/reclamo-en-radio-victoria\/#primaryimage"},"thumbnailUrl":"https:\/\/i0.wp.com\/fmnuestrasvoces.com.ar\/fmnv\/wp-content\/uploads\/2025\/02\/web-2.jpg?fit=1860%2C1046&ssl=1","datePublished":"2025-02-26T17:05:16+00:00","dateModified":"2025-02-26T17:06:30+00:00","breadcrumb":{"@id":"https:\/\/fmnuestrasvoces.com.ar\/fmnv\/reclamo-en-radio-victoria\/#breadcrumb"},"inLanguage":"es","potentialAction":[{"@type":"ReadAction","target":["https:\/\/fmnuestrasvoces.com.ar\/fmnv\/reclamo-en-radio-victoria\/"]}]},{"@type":"ImageObject","inLanguage":"es","@id":"https:\/\/fmnuestrasvoces.com.ar\/fmnv\/reclamo-en-radio-victoria\/#primaryimage","url":"https:\/\/i0.wp.com\/fmnuestrasvoces.com.ar\/fmnv\/wp-content\/uploads\/2025\/02\/web-2.jpg?fit=1860%2C1046&ssl=1","contentUrl":"https:\/\/i0.wp.com\/fmnuestrasvoces.com.ar\/fmnv\/wp-content\/uploads\/2025\/02\/web-2.jpg?fit=1860%2C1046&ssl=1","width":1860,"height":1046},{"@type":"BreadcrumbList","@id":"https:\/\/fmnuestrasvoces.com.ar\/fmnv\/reclamo-en-radio-victoria\/#breadcrumb","itemListElement":[{"@type":"ListItem","position":1,"name":"Portada","item":"https:\/\/fmnuestrasvoces.com.ar\/fmnv\/"},{"@type":"ListItem","position":2,"name":"Reclamo en Radio Victoria por aumento salarial y contra la precarizaci\u00f3n laboral"}]},{"@type":"WebSite","@id":"https:\/\/fmnuestrasvoces.com.ar\/fmnv\/#website","url":"https:\/\/fmnuestrasvoces.com.ar\/fmnv\/","name":"FM Nuestras Voces","description":"La radio comunitaria de Tierra del Fuego, Ant\u00e1rtida e Islas del Atl\u00e1ntico Sur","publisher":{"@id":"https:\/\/fmnuestrasvoces.com.ar\/fmnv\/#organization"},"potentialAction":[{"@type":"SearchAction","target":{"@type":"EntryPoint","urlTemplate":"https:\/\/fmnuestrasvoces.com.ar\/fmnv\/?s={search_term_string}"},"query-input":{"@type":"PropertyValueSpecification","valueRequired":true,"valueName":"search_term_string"}}],"inLanguage":"es"},{"@type":"Organization","@id":"https:\/\/fmnuestrasvoces.com.ar\/fmnv\/#organization","name":"FM Nuestras Voces","url":"https:\/\/fmnuestrasvoces.com.ar\/fmnv\/","logo":{"@type":"ImageObject","inLanguage":"es","@id":"https:\/\/fmnuestrasvoces.com.ar\/fmnv\/#\/schema\/logo\/image\/","url":"https:\/\/fmnuestrasvoces.com.ar\/fmnv\/wp-content\/uploads\/2024\/02\/Logo-1.svg","contentUrl":"https:\/\/fmnuestrasvoces.com.ar\/fmnv\/wp-content\/uploads\/2024\/02\/Logo-1.svg","width":864,"height":268,"caption":"FM Nuestras Voces"},"image":{"@id":"https:\/\/fmnuestrasvoces.com.ar\/fmnv\/#\/schema\/logo\/image\/"}},{"@type":"Person","@id":"https:\/\/fmnuestrasvoces.com.ar\/fmnv\/#\/schema\/person\/46c854550d525ce0ebcb057864474dfb","name":"fmnv","image":{"@type":"ImageObject","inLanguage":"es","@id":"https:\/\/fmnuestrasvoces.com.ar\/fmnv\/#\/schema\/person\/image\/","url":"https:\/\/secure.gravatar.com\/avatar\/66e61dcdc70b762f1f37822f172abe7f31cbb438813bb6fc6bdb8022a5f9adbe?s=96&d=mm&r=g","contentUrl":"https:\/\/secure.gravatar.com\/avatar\/66e61dcdc70b762f1f37822f172abe7f31cbb438813bb6fc6bdb8022a5f9adbe?s=96&d=mm&r=g","caption":"fmnv"},"url":"https:\/\/fmnuestrasvoces.com.ar\/fmnv\/author\/fmnv2021\/"}]}},"jetpack_featured_media_url":"https:\/\/i0.wp.com\/fmnuestrasvoces.com.ar\/fmnv\/wp-content\/uploads\/2025\/02\/web-2.jpg?fit=1860%2C1046&ssl=1","jetpack_shortlink":"https:\/\/wp.me\/pfy0zr-1yN","jetpack_sharing_enabled":true,"_links":{"self":[{"href":"https:\/\/fmnuestrasvoces.com.ar\/fmnv\/wp-json\/wp\/v2\/posts\/6001","targetHints":{"allow":["GET"]}}],"collection":[{"href":"https:\/\/fmnuestrasvoces.com.ar\/fmnv\/wp-json\/wp\/v2\/posts"}],"about":[{"href":"https:\/\/fmnuestrasvoces.com.ar\/fmnv\/wp-json\/wp\/v2\/types\/post"}],"author":[{"embeddable":true,"href":"https:\/\/fmnuestrasvoces.com.ar\/fmnv\/wp-json\/wp\/v2\/users\/2"}],"replies":[{"embeddable":true,"href":"https:\/\/fmnuestrasvoces.com.ar\/fmnv\/wp-json\/wp\/v2\/comments?post=6001"}],"version-history":[{"count":1,"href":"https:\/\/fmnuestrasvoces.com.ar\/fmnv\/wp-json\/wp\/v2\/posts\/6001\/revisions"}],"predecessor-version":[{"id":6003,"href":"https:\/\/fmnuestrasvoces.com.ar\/fmnv\/wp-json\/wp\/v2\/posts\/6001\/revisions\/6003"}],"wp:featuredmedia":[{"embeddable":true,"href":"https:\/\/fmnuestrasvoces.com.ar\/fmnv\/wp-json\/wp\/v2\/media\/6002"}],"wp:attachment":[{"href":"https:\/\/fmnuestrasvoces.com.ar\/fmnv\/wp-json\/wp\/v2\/media?parent=6001"}],"wp:term":[{"taxonomy":"category","embeddable":true,"href":"https:\/\/fmnuestrasvoces.com.ar\/fmnv\/wp-json\/wp\/v2\/categories?post=6001"},{"taxonomy":"post_tag","embeddable":true,"href":"https:\/\/fmnuestrasvoces.com.ar\/fmnv\/wp-json\/wp\/v2\/tags?post=6001"}],"curies":[{"name":"wp","href":"https:\/\/api.w.org\/{rel}","templated":true}]}}