{"id":6005,"date":"2025-02-27T18:10:46","date_gmt":"2025-02-27T21:10:46","guid":{"rendered":"https:\/\/fmnuestrasvoces.com.ar\/fmnv\/?p=6005"},"modified":"2025-02-27T18:51:50","modified_gmt":"2025-02-27T21:51:50","slug":"malestar-en-la-docencia-de-chubut-atech-en-lucha-por-paritarias","status":"publish","type":"post","link":"https:\/\/fmnuestrasvoces.com.ar\/fmnv\/malestar-en-la-docencia-de-chubut-atech-en-lucha-por-paritarias\/","title":{"rendered":"Malestar en la docencia de Chubut: ATECH en lucha por paritarias"},"content":{"rendered":"<p>El malestar por la situaci\u00f3n paritaria de la docencia en todo el pa\u00eds se hace sentir con fuerza en la provincia de Chubut. La Asociaci\u00f3n de Trabajadores de la Educaci\u00f3n de Chubut (ATECH) ha iniciado un plan de lucha en respuesta a las negociaciones salariales estancadas.<\/p>\n<p><strong>\u201cEl conflicto lo genera el gobierno con el ajuste que viene llevando adelante, particularmente porque desde septiembre de 2024 no convoca a paritarias\u201d<\/strong>, coment\u00f3 <strong>Daniel Murphy, Secretario General de ATECH,<\/strong> durante una entrevista en el programa radial Tripulantes de la Ma\u00f1ana.<\/p>\n<p>El dirigente explic\u00f3 que <strong>Chubut cuenta con uno de los salarios m\u00e1s bajos del pa\u00eds, y sin duda, los m\u00e1s bajos de la Patagonia, encontr\u00e1ndose el salario inicial para el cargo de una maestra en $540.000.<\/strong><\/p>\n<p><center><\/p>\n<p><iframe title=\"YouTube video player\" src=\"https:\/\/www.youtube.com\/embed\/DGwAdoN4DFg?si=n_P-rEWOlPTcygFv\" width=\"560\" height=\"315\" frameborder=\"0\" allowfullscreen=\"allowfullscreen\"><\/iframe><\/p>\n<p><\/center>El pasado 14 de febrero, <strong>el gobierno provincial convoc\u00f3 a una mesa paritaria, ofreciendo un 1% de recomposici\u00f3n salarial.<\/strong> La propuesta fue rechazada por la docencia chubutense que desarroll\u00f3 un NO INICIO DE CLASES con un paro provincial de 48 horas.<\/p>\n<p>\u201cLlevamos a cabo el paro esta semana, los d\u00edas 25 y 26 de febrero, con muy buena adhesi\u00f3n, a pesar de todas las maniobras por parte del gobierno\u201d, afirm\u00f3 Murphy. Adem\u00e1s, <strong>denunci\u00f3 que se utilizaron t\u00e1cticas de presi\u00f3n, como el env\u00edo de mensajes a los celulares de cada docente, pero a pesar de estas estrategias, la adhesi\u00f3n a la medida de fuerza fue notable, alcanzando un promedio superior al 70%.<\/strong><\/p>\n<p>La acci\u00f3n conjunta que se est\u00e1 llevando a cabo en Chubut es destacable, a pesar de las vastas distancias que separan a las comunidades. \u201cTenemos distancias de 700 km o a veces m\u00e1s. Siempre es un desaf\u00edo, pero tambi\u00e9n una herramienta poderosa\u201d, indic\u00f3 Murphy, resaltando la unidad del colectivo docente.<\/p>\n<p><strong>\u201cEstamos muy orgullosos del colectivo docente que enfrent\u00f3 las amenazas y sali\u00f3 adelante con el paro\u201d, <\/strong>concluy\u00f3 el secretario gremial.<\/p>\n<p>Desde ATECH, se insiste en la importancia de mantener la uni\u00f3n como bandera, para que la docencia en todo el pa\u00eds logre la recomposici\u00f3n salarial que merece. La lucha por una educaci\u00f3n digna y justa contin\u00faa, y la voz de la docencia se hace escuchar en cada rinc\u00f3n de la provincia.<\/p>\n<h6><em>Foto de portada de An\u00edbal Aguaisol<\/em><\/h6>\n","protected":false},"excerpt":{"rendered":"<p>El malestar por la situaci\u00f3n paritaria de la docencia en todo el pa\u00eds se hace sentir con fuerza en la provincia de Chubut. La Asociaci\u00f3n de Trabajadores de la Educaci\u00f3n de Chubut (ATECH) ha iniciado un plan de lucha en respuesta a las negociaciones salariales estancadas. \u201cEl conflicto lo genera el gobierno con el ajuste [&hellip;]<\/p>\n","protected":false},"author":2,"featured_media":6006,"comment_status":"closed","ping_status":"open","sticky":false,"template":"","format":"standard","meta":{"_jetpack_memberships_contains_paid_content":false,"footnotes":""},"categories":[83],"tags":[],"class_list":["post-6005","post","type-post","status-publish","format-standard","has-post-thumbnail","hentry","category-noticias"],"yoast_head":"<!-- This site is optimized with the Yoast SEO plugin v25.6 - https:\/\/yoast.com\/wordpress\/plugins\/seo\/ -->\n<title>Malestar en la docencia de Chubut: ATECH en lucha por paritarias - FM Nuestras Voces<\/title>\n<meta name=\"robots\" content=\"index, follow, max-snippet:-1, max-image-preview:large, max-video-preview:-1\" \/>\n<link rel=\"canonical\" href=\"https:\/\/fmnuestrasvoces.com.ar\/fmnv\/malestar-en-la-docencia-de-chubut-atech-en-lucha-por-paritarias\/\" \/>\n<meta property=\"og:locale\" content=\"es_ES\" \/>\n<meta property=\"og:type\" content=\"article\" \/>\n<meta property=\"og:title\" content=\"Malestar en la docencia de Chubut: ATECH en lucha por paritarias - FM Nuestras Voces\" \/>\n<meta property=\"og:description\" content=\"El malestar por la situaci\u00f3n paritaria de la docencia en todo el pa\u00eds se hace sentir con fuerza en la provincia de Chubut. La Asociaci\u00f3n de Trabajadores de la Educaci\u00f3n de Chubut (ATECH) ha iniciado un plan de lucha en respuesta a las negociaciones salariales estancadas. \u201cEl conflicto lo genera el gobierno con el ajuste [&hellip;]\" \/>\n<meta property=\"og:url\" content=\"https:\/\/fmnuestrasvoces.com.ar\/fmnv\/malestar-en-la-docencia-de-chubut-atech-en-lucha-por-paritarias\/\" \/>\n<meta property=\"og:site_name\" content=\"FM Nuestras Voces\" \/>\n<meta property=\"article:published_time\" content=\"2025-02-27T21:10:46+00:00\" \/>\n<meta property=\"article:modified_time\" content=\"2025-02-27T21:51:50+00:00\" \/>\n<meta property=\"og:image\" content=\"https:\/\/fmnuestrasvoces.com.ar\/fmnv\/wp-content\/uploads\/2025\/02\/ATECH.jpg\" \/>\n\t<meta property=\"og:image:width\" content=\"1214\" \/>\n\t<meta property=\"og:image:height\" content=\"682\" \/>\n\t<meta property=\"og:image:type\" content=\"image\/jpeg\" \/>\n<meta name=\"author\" content=\"fmnv\" \/>\n<meta name=\"twitter:card\" content=\"summary_large_image\" \/>\n<meta name=\"twitter:label1\" content=\"Escrito por\" \/>\n\t<meta name=\"twitter:data1\" content=\"fmnv\" \/>\n\t<meta name=\"twitter:label2\" content=\"Tiempo de lectura\" \/>\n\t<meta name=\"twitter:data2\" content=\"2 minutos\" \/>\n<script type=\"application\/ld+json\" class=\"yoast-schema-graph\">{\"@context\":\"https:\/\/schema.org\",\"@graph\":[{\"@type\":\"Article\",\"@id\":\"https:\/\/fmnuestrasvoces.com.ar\/fmnv\/malestar-en-la-docencia-de-chubut-atech-en-lucha-por-paritarias\/#article\",\"isPartOf\":{\"@id\":\"https:\/\/fmnuestrasvoces.com.ar\/fmnv\/malestar-en-la-docencia-de-chubut-atech-en-lucha-por-paritarias\/\"},\"author\":{\"name\":\"fmnv\",\"@id\":\"https:\/\/fmnuestrasvoces.com.ar\/fmnv\/#\/schema\/person\/46c854550d525ce0ebcb057864474dfb\"},\"headline\":\"Malestar en la docencia de Chubut: ATECH en lucha por paritarias\",\"datePublished\":\"2025-02-27T21:10:46+00:00\",\"dateModified\":\"2025-02-27T21:51:50+00:00\",\"mainEntityOfPage\":{\"@id\":\"https:\/\/fmnuestrasvoces.com.ar\/fmnv\/malestar-en-la-docencia-de-chubut-atech-en-lucha-por-paritarias\/\"},\"wordCount\":391,\"publisher\":{\"@id\":\"https:\/\/fmnuestrasvoces.com.ar\/fmnv\/#organization\"},\"image\":{\"@id\":\"https:\/\/fmnuestrasvoces.com.ar\/fmnv\/malestar-en-la-docencia-de-chubut-atech-en-lucha-por-paritarias\/#primaryimage\"},\"thumbnailUrl\":\"https:\/\/i0.wp.com\/fmnuestrasvoces.com.ar\/fmnv\/wp-content\/uploads\/2025\/02\/ATECH.jpg?fit=1214%2C682&ssl=1\",\"articleSection\":[\"Noticias\"],\"inLanguage\":\"es\"},{\"@type\":\"WebPage\",\"@id\":\"https:\/\/fmnuestrasvoces.com.ar\/fmnv\/malestar-en-la-docencia-de-chubut-atech-en-lucha-por-paritarias\/\",\"url\":\"https:\/\/fmnuestrasvoces.com.ar\/fmnv\/malestar-en-la-docencia-de-chubut-atech-en-lucha-por-paritarias\/\",\"name\":\"Malestar en la docencia de Chubut: ATECH en lucha por paritarias - FM Nuestras Voces\",\"isPartOf\":{\"@id\":\"https:\/\/fmnuestrasvoces.com.ar\/fmnv\/#website\"},\"primaryImageOfPage\":{\"@id\":\"https:\/\/fmnuestrasvoces.com.ar\/fmnv\/malestar-en-la-docencia-de-chubut-atech-en-lucha-por-paritarias\/#primaryimage\"},\"image\":{\"@id\":\"https:\/\/fmnuestrasvoces.com.ar\/fmnv\/malestar-en-la-docencia-de-chubut-atech-en-lucha-por-paritarias\/#primaryimage\"},\"thumbnailUrl\":\"https:\/\/i0.wp.com\/fmnuestrasvoces.com.ar\/fmnv\/wp-content\/uploads\/2025\/02\/ATECH.jpg?fit=1214%2C682&ssl=1\",\"datePublished\":\"2025-02-27T21:10:46+00:00\",\"dateModified\":\"2025-02-27T21:51:50+00:00\",\"breadcrumb\":{\"@id\":\"https:\/\/fmnuestrasvoces.com.ar\/fmnv\/malestar-en-la-docencia-de-chubut-atech-en-lucha-por-paritarias\/#breadcrumb\"},\"inLanguage\":\"es\",\"potentialAction\":[{\"@type\":\"ReadAction\",\"target\":[\"https:\/\/fmnuestrasvoces.com.ar\/fmnv\/malestar-en-la-docencia-de-chubut-atech-en-lucha-por-paritarias\/\"]}]},{\"@type\":\"ImageObject\",\"inLanguage\":\"es\",\"@id\":\"https:\/\/fmnuestrasvoces.com.ar\/fmnv\/malestar-en-la-docencia-de-chubut-atech-en-lucha-por-paritarias\/#primaryimage\",\"url\":\"https:\/\/i0.wp.com\/fmnuestrasvoces.com.ar\/fmnv\/wp-content\/uploads\/2025\/02\/ATECH.jpg?fit=1214%2C682&ssl=1\",\"contentUrl\":\"https:\/\/i0.wp.com\/fmnuestrasvoces.com.ar\/fmnv\/wp-content\/uploads\/2025\/02\/ATECH.jpg?fit=1214%2C682&ssl=1\",\"width\":1214,\"height\":682},{\"@type\":\"BreadcrumbList\",\"@id\":\"https:\/\/fmnuestrasvoces.com.ar\/fmnv\/malestar-en-la-docencia-de-chubut-atech-en-lucha-por-paritarias\/#breadcrumb\",\"itemListElement\":[{\"@type\":\"ListItem\",\"position\":1,\"name\":\"Portada\",\"item\":\"https:\/\/fmnuestrasvoces.com.ar\/fmnv\/\"},{\"@type\":\"ListItem\",\"position\":2,\"name\":\"Malestar en la docencia de Chubut: ATECH en lucha por paritarias\"}]},{\"@type\":\"WebSite\",\"@id\":\"https:\/\/fmnuestrasvoces.com.ar\/fmnv\/#website\",\"url\":\"https:\/\/fmnuestrasvoces.com.ar\/fmnv\/\",\"name\":\"FM Nuestras Voces\",\"description\":\"La radio comunitaria de Tierra del Fuego, Ant\u00e1rtida e Islas del Atl\u00e1ntico Sur\",\"publisher\":{\"@id\":\"https:\/\/fmnuestrasvoces.com.ar\/fmnv\/#organization\"},\"potentialAction\":[{\"@type\":\"SearchAction\",\"target\":{\"@type\":\"EntryPoint\",\"urlTemplate\":\"https:\/\/fmnuestrasvoces.com.ar\/fmnv\/?s={search_term_string}\"},\"query-input\":{\"@type\":\"PropertyValueSpecification\",\"valueRequired\":true,\"valueName\":\"search_term_string\"}}],\"inLanguage\":\"es\"},{\"@type\":\"Organization\",\"@id\":\"https:\/\/fmnuestrasvoces.com.ar\/fmnv\/#organization\",\"name\":\"FM Nuestras Voces\",\"url\":\"https:\/\/fmnuestrasvoces.com.ar\/fmnv\/\",\"logo\":{\"@type\":\"ImageObject\",\"inLanguage\":\"es\",\"@id\":\"https:\/\/fmnuestrasvoces.com.ar\/fmnv\/#\/schema\/logo\/image\/\",\"url\":\"https:\/\/fmnuestrasvoces.com.ar\/fmnv\/wp-content\/uploads\/2024\/02\/Logo-1.svg\",\"contentUrl\":\"https:\/\/fmnuestrasvoces.com.ar\/fmnv\/wp-content\/uploads\/2024\/02\/Logo-1.svg\",\"width\":864,\"height\":268,\"caption\":\"FM Nuestras Voces\"},\"image\":{\"@id\":\"https:\/\/fmnuestrasvoces.com.ar\/fmnv\/#\/schema\/logo\/image\/\"}},{\"@type\":\"Person\",\"@id\":\"https:\/\/fmnuestrasvoces.com.ar\/fmnv\/#\/schema\/person\/46c854550d525ce0ebcb057864474dfb\",\"name\":\"fmnv\",\"image\":{\"@type\":\"ImageObject\",\"inLanguage\":\"es\",\"@id\":\"https:\/\/fmnuestrasvoces.com.ar\/fmnv\/#\/schema\/person\/image\/\",\"url\":\"https:\/\/secure.gravatar.com\/avatar\/66e61dcdc70b762f1f37822f172abe7f31cbb438813bb6fc6bdb8022a5f9adbe?s=96&d=mm&r=g\",\"contentUrl\":\"https:\/\/secure.gravatar.com\/avatar\/66e61dcdc70b762f1f37822f172abe7f31cbb438813bb6fc6bdb8022a5f9adbe?s=96&d=mm&r=g\",\"caption\":\"fmnv\"},\"url\":\"https:\/\/fmnuestrasvoces.com.ar\/fmnv\/author\/fmnv2021\/\"}]}<\/script>\n<!-- \/ Yoast SEO plugin. -->","yoast_head_json":{"title":"Malestar en la docencia de Chubut: ATECH en lucha por paritarias - FM Nuestras Voces","robots":{"index":"index","follow":"follow","max-snippet":"max-snippet:-1","max-image-preview":"max-image-preview:large","max-video-preview":"max-video-preview:-1"},"canonical":"https:\/\/fmnuestrasvoces.com.ar\/fmnv\/malestar-en-la-docencia-de-chubut-atech-en-lucha-por-paritarias\/","og_locale":"es_ES","og_type":"article","og_title":"Malestar en la docencia de Chubut: ATECH en lucha por paritarias - FM Nuestras Voces","og_description":"El malestar por la situaci\u00f3n paritaria de la docencia en todo el pa\u00eds se hace sentir con fuerza en la provincia de Chubut. La Asociaci\u00f3n de Trabajadores de la Educaci\u00f3n de Chubut (ATECH) ha iniciado un plan de lucha en respuesta a las negociaciones salariales estancadas. \u201cEl conflicto lo genera el gobierno con el ajuste [&hellip;]","og_url":"https:\/\/fmnuestrasvoces.com.ar\/fmnv\/malestar-en-la-docencia-de-chubut-atech-en-lucha-por-paritarias\/","og_site_name":"FM Nuestras Voces","article_published_time":"2025-02-27T21:10:46+00:00","article_modified_time":"2025-02-27T21:51:50+00:00","og_image":[{"width":1214,"height":682,"url":"https:\/\/fmnuestrasvoces.com.ar\/fmnv\/wp-content\/uploads\/2025\/02\/ATECH.jpg","type":"image\/jpeg"}],"author":"fmnv","twitter_card":"summary_large_image","twitter_misc":{"Escrito por":"fmnv","Tiempo de lectura":"2 minutos"},"schema":{"@context":"https:\/\/schema.org","@graph":[{"@type":"Article","@id":"https:\/\/fmnuestrasvoces.com.ar\/fmnv\/malestar-en-la-docencia-de-chubut-atech-en-lucha-por-paritarias\/#article","isPartOf":{"@id":"https:\/\/fmnuestrasvoces.com.ar\/fmnv\/malestar-en-la-docencia-de-chubut-atech-en-lucha-por-paritarias\/"},"author":{"name":"fmnv","@id":"https:\/\/fmnuestrasvoces.com.ar\/fmnv\/#\/schema\/person\/46c854550d525ce0ebcb057864474dfb"},"headline":"Malestar en la docencia de Chubut: ATECH en lucha por paritarias","datePublished":"2025-02-27T21:10:46+00:00","dateModified":"2025-02-27T21:51:50+00:00","mainEntityOfPage":{"@id":"https:\/\/fmnuestrasvoces.com.ar\/fmnv\/malestar-en-la-docencia-de-chubut-atech-en-lucha-por-paritarias\/"},"wordCount":391,"publisher":{"@id":"https:\/\/fmnuestrasvoces.com.ar\/fmnv\/#organization"},"image":{"@id":"https:\/\/fmnuestrasvoces.com.ar\/fmnv\/malestar-en-la-docencia-de-chubut-atech-en-lucha-por-paritarias\/#primaryimage"},"thumbnailUrl":"https:\/\/i0.wp.com\/fmnuestrasvoces.com.ar\/fmnv\/wp-content\/uploads\/2025\/02\/ATECH.jpg?fit=1214%2C682&ssl=1","articleSection":["Noticias"],"inLanguage":"es"},{"@type":"WebPage","@id":"https:\/\/fmnuestrasvoces.com.ar\/fmnv\/malestar-en-la-docencia-de-chubut-atech-en-lucha-por-paritarias\/","url":"https:\/\/fmnuestrasvoces.com.ar\/fmnv\/malestar-en-la-docencia-de-chubut-atech-en-lucha-por-paritarias\/","name":"Malestar en la docencia de Chubut: ATECH en lucha por paritarias - FM Nuestras Voces","isPartOf":{"@id":"https:\/\/fmnuestrasvoces.com.ar\/fmnv\/#website"},"primaryImageOfPage":{"@id":"https:\/\/fmnuestrasvoces.com.ar\/fmnv\/malestar-en-la-docencia-de-chubut-atech-en-lucha-por-paritarias\/#primaryimage"},"image":{"@id":"https:\/\/fmnuestrasvoces.com.ar\/fmnv\/malestar-en-la-docencia-de-chubut-atech-en-lucha-por-paritarias\/#primaryimage"},"thumbnailUrl":"https:\/\/i0.wp.com\/fmnuestrasvoces.com.ar\/fmnv\/wp-content\/uploads\/2025\/02\/ATECH.jpg?fit=1214%2C682&ssl=1","datePublished":"2025-02-27T21:10:46+00:00","dateModified":"2025-02-27T21:51:50+00:00","breadcrumb":{"@id":"https:\/\/fmnuestrasvoces.com.ar\/fmnv\/malestar-en-la-docencia-de-chubut-atech-en-lucha-por-paritarias\/#breadcrumb"},"inLanguage":"es","potentialAction":[{"@type":"ReadAction","target":["https:\/\/fmnuestrasvoces.com.ar\/fmnv\/malestar-en-la-docencia-de-chubut-atech-en-lucha-por-paritarias\/"]}]},{"@type":"ImageObject","inLanguage":"es","@id":"https:\/\/fmnuestrasvoces.com.ar\/fmnv\/malestar-en-la-docencia-de-chubut-atech-en-lucha-por-paritarias\/#primaryimage","url":"https:\/\/i0.wp.com\/fmnuestrasvoces.com.ar\/fmnv\/wp-content\/uploads\/2025\/02\/ATECH.jpg?fit=1214%2C682&ssl=1","contentUrl":"https:\/\/i0.wp.com\/fmnuestrasvoces.com.ar\/fmnv\/wp-content\/uploads\/2025\/02\/ATECH.jpg?fit=1214%2C682&ssl=1","width":1214,"height":682},{"@type":"BreadcrumbList","@id":"https:\/\/fmnuestrasvoces.com.ar\/fmnv\/malestar-en-la-docencia-de-chubut-atech-en-lucha-por-paritarias\/#breadcrumb","itemListElement":[{"@type":"ListItem","position":1,"name":"Portada","item":"https:\/\/fmnuestrasvoces.com.ar\/fmnv\/"},{"@type":"ListItem","position":2,"name":"Malestar en la docencia de Chubut: ATECH en lucha por paritarias"}]},{"@type":"WebSite","@id":"https:\/\/fmnuestrasvoces.com.ar\/fmnv\/#website","url":"https:\/\/fmnuestrasvoces.com.ar\/fmnv\/","name":"FM Nuestras Voces","description":"La radio comunitaria de Tierra del Fuego, Ant\u00e1rtida e Islas del Atl\u00e1ntico Sur","publisher":{"@id":"https:\/\/fmnuestrasvoces.com.ar\/fmnv\/#organization"},"potentialAction":[{"@type":"SearchAction","target":{"@type":"EntryPoint","urlTemplate":"https:\/\/fmnuestrasvoces.com.ar\/fmnv\/?s={search_term_string}"},"query-input":{"@type":"PropertyValueSpecification","valueRequired":true,"valueName":"search_term_string"}}],"inLanguage":"es"},{"@type":"Organization","@id":"https:\/\/fmnuestrasvoces.com.ar\/fmnv\/#organization","name":"FM Nuestras Voces","url":"https:\/\/fmnuestrasvoces.com.ar\/fmnv\/","logo":{"@type":"ImageObject","inLanguage":"es","@id":"https:\/\/fmnuestrasvoces.com.ar\/fmnv\/#\/schema\/logo\/image\/","url":"https:\/\/fmnuestrasvoces.com.ar\/fmnv\/wp-content\/uploads\/2024\/02\/Logo-1.svg","contentUrl":"https:\/\/fmnuestrasvoces.com.ar\/fmnv\/wp-content\/uploads\/2024\/02\/Logo-1.svg","width":864,"height":268,"caption":"FM Nuestras Voces"},"image":{"@id":"https:\/\/fmnuestrasvoces.com.ar\/fmnv\/#\/schema\/logo\/image\/"}},{"@type":"Person","@id":"https:\/\/fmnuestrasvoces.com.ar\/fmnv\/#\/schema\/person\/46c854550d525ce0ebcb057864474dfb","name":"fmnv","image":{"@type":"ImageObject","inLanguage":"es","@id":"https:\/\/fmnuestrasvoces.com.ar\/fmnv\/#\/schema\/person\/image\/","url":"https:\/\/secure.gravatar.com\/avatar\/66e61dcdc70b762f1f37822f172abe7f31cbb438813bb6fc6bdb8022a5f9adbe?s=96&d=mm&r=g","contentUrl":"https:\/\/secure.gravatar.com\/avatar\/66e61dcdc70b762f1f37822f172abe7f31cbb438813bb6fc6bdb8022a5f9adbe?s=96&d=mm&r=g","caption":"fmnv"},"url":"https:\/\/fmnuestrasvoces.com.ar\/fmnv\/author\/fmnv2021\/"}]}},"jetpack_featured_media_url":"https:\/\/i0.wp.com\/fmnuestrasvoces.com.ar\/fmnv\/wp-content\/uploads\/2025\/02\/ATECH.jpg?fit=1214%2C682&ssl=1","jetpack_shortlink":"https:\/\/wp.me\/pfy0zr-1yR","jetpack_sharing_enabled":true,"_links":{"self":[{"href":"https:\/\/fmnuestrasvoces.com.ar\/fmnv\/wp-json\/wp\/v2\/posts\/6005","targetHints":{"allow":["GET"]}}],"collection":[{"href":"https:\/\/fmnuestrasvoces.com.ar\/fmnv\/wp-json\/wp\/v2\/posts"}],"about":[{"href":"https:\/\/fmnuestrasvoces.com.ar\/fmnv\/wp-json\/wp\/v2\/types\/post"}],"author":[{"embeddable":true,"href":"https:\/\/fmnuestrasvoces.com.ar\/fmnv\/wp-json\/wp\/v2\/users\/2"}],"replies":[{"embeddable":true,"href":"https:\/\/fmnuestrasvoces.com.ar\/fmnv\/wp-json\/wp\/v2\/comments?post=6005"}],"version-history":[{"count":2,"href":"https:\/\/fmnuestrasvoces.com.ar\/fmnv\/wp-json\/wp\/v2\/posts\/6005\/revisions"}],"predecessor-version":[{"id":6011,"href":"https:\/\/fmnuestrasvoces.com.ar\/fmnv\/wp-json\/wp\/v2\/posts\/6005\/revisions\/6011"}],"wp:featuredmedia":[{"embeddable":true,"href":"https:\/\/fmnuestrasvoces.com.ar\/fmnv\/wp-json\/wp\/v2\/media\/6006"}],"wp:attachment":[{"href":"https:\/\/fmnuestrasvoces.com.ar\/fmnv\/wp-json\/wp\/v2\/media?parent=6005"}],"wp:term":[{"taxonomy":"category","embeddable":true,"href":"https:\/\/fmnuestrasvoces.com.ar\/fmnv\/wp-json\/wp\/v2\/categories?post=6005"},{"taxonomy":"post_tag","embeddable":true,"href":"https:\/\/fmnuestrasvoces.com.ar\/fmnv\/wp-json\/wp\/v2\/tags?post=6005"}],"curies":[{"name":"wp","href":"https:\/\/api.w.org\/{rel}","templated":true}]}}