{"id":6008,"date":"2025-02-27T18:23:31","date_gmt":"2025-02-27T21:23:31","guid":{"rendered":"https:\/\/fmnuestrasvoces.com.ar\/fmnv\/?p=6008"},"modified":"2025-02-27T18:23:31","modified_gmt":"2025-02-27T21:23:31","slug":"persisten-los-problemas-de-infraestructura-en-la-escuela-n-22-de-ushuaia","status":"publish","type":"post","link":"https:\/\/fmnuestrasvoces.com.ar\/fmnv\/persisten-los-problemas-de-infraestructura-en-la-escuela-n-22-de-ushuaia\/","title":{"rendered":"Persisten los problemas de infraestructura en la Escuela N\u00b0 22 de Ushuaia"},"content":{"rendered":"<p>A principios de diciembre de 2024, la comunidad educativa enfrent\u00f3 la interrupci\u00f3n de las clases debido a problemas edilicios. La empresa Camuzzi inhabilit\u00f3 el medidor de gas porque el \u00e1rea de Infraestructura no hab\u00eda llevado a cabo las reparaciones y el mantenimiento necesarios en el sector de calderas, a pesar de que el equipo directivo hab\u00eda solicitado estas acciones.<\/p>\n<p>Como resultado, tanto docentes como estudiantes fueron trasladados a la Escuela N\u00b0 31, lo que ha generado una serie de inconvenientes. Esta situaci\u00f3n ha afectado el desarrollo normal de las clases y ha dificultado la adaptaci\u00f3n a un nuevo espacio que ya alberga a otra instituci\u00f3n, complicando as\u00ed la din\u00e1mica educativa.<\/p>\n<p><strong>Mariana Gambarte, delegada de la escuela,<\/strong> convers\u00f3 en el programa \u00abTripulantes de la Ma\u00f1ana\u00bb sobre la actual situaci\u00f3n edilicia de la instituci\u00f3n. Explic\u00f3 que, tras el receso de verano, el cuerpo docente reanud\u00f3 sus actividades en la Escuela N\u00b0 31 y regres\u00f3 a su establecimiento original el mi\u00e9rcoles 26. Sin embargo,<strong> el 27 de febrero, se encontraron con serios problemas: la mitad de la escuela carec\u00eda de calefacci\u00f3n, hab\u00eda filtraciones de agua, goteras, puertas de seguridad obstruidas y mamposter\u00eda da\u00f1ada, entre otros inconvenientes.<\/strong><\/p>\n<p><center><\/p>\n<p><iframe width=\"560\" height=\"315\" src=\"https:\/\/www.youtube.com\/embed\/_eHZAFHCxdk?si=ipHuh70uC4O9fW3p\" title=\"YouTube video player\" frameborder=\"0\" allow=\"accelerometer; autoplay; clipboard-write; encrypted-media; gyroscope; picture-in-picture; web-share\" referrerpolicy=\"strict-origin-when-cross-origin\" allowfullscreen><\/iframe><\/p>\n<p><\/center><br \/>\n<\/p>\n<p><strong>\u00abNos dicen que la escuela est\u00e1 operativa desde febrero, pero la realidad es que no; no est\u00e1n dadas las condiciones m\u00ednimas de seguridad e higiene\u00bb<\/strong>, afirm\u00f3 la delegada. Adem\u00e1s, explic\u00f3 que en el d\u00eda de la fecha se realiz\u00f3 un acta y se suspendieron las actividades dentro de la escuela debido a estos problemas.<\/p>\n<p><strong>Hace cinco a\u00f1os, el gobierno de la provincia declar\u00f3 la emergencia edilicia en todos los establecimientos educativos. Sin embargo, las instituciones contin\u00faan evidenciando una notable falta de inversi\u00f3n en infraestructura.<\/strong><\/p>\n<p>Recientemente, delegadas y delegados de SUTEF realizaron un relevamiento dentro de la instituci\u00f3n, donde se identificaron diversas problem\u00e1ticas: el lado derecho de la escuela se encuentra sin calefacci\u00f3n; hay aulas con plafones de luz inoperativos y tomacorrientes sin electricidad; en un aula de 5to, se reporta una gran gotera y el entretecho de durlock est\u00e1 panseado. Adem\u00e1s, las puertas de emergencia est\u00e1n cerradas con sillas, algunos radiadores cuelgan de la pared, y hay marcas en el piso de varias aulas que indican inundaciones previas. Tambi\u00e9n se observan cielos rasos con agujeros y paredes rotas debido al exceso de agua que han recibido, las cuales sostienen radiadores.<\/p>\n<p><center><\/p>\n<p><iframe src=\"https:\/\/www.facebook.com\/plugins\/post.php?href=https%3A%2F%2Fwww.facebook.com%2Fpermalink.php%3Fstory_fbid%3Dpfbid024ZhxUdgTDkDRqKrczPHAwQWzurEVzccGEyGn2j7K8d9M4srM9Q2zDiE5nDHWs6xgl%26id%3D100063619838573&#038;show_text=true&#038;width=500\" width=\"500\" height=\"689\" style=\"border:none;overflow:hidden\" scrolling=\"no\" frameborder=\"0\" allowfullscreen=\"true\" allow=\"autoplay; clipboard-write; encrypted-media; picture-in-picture; web-share\"><\/iframe><\/p>\n<p><\/center><\/p>\n","protected":false},"excerpt":{"rendered":"<p>A principios de diciembre de 2024, la comunidad educativa enfrent\u00f3 la interrupci\u00f3n de las clases debido a problemas edilicios. La empresa Camuzzi inhabilit\u00f3 el medidor de gas porque el \u00e1rea de Infraestructura no hab\u00eda llevado a cabo las reparaciones y el mantenimiento necesarios en el sector de calderas, a pesar de que el equipo directivo [&hellip;]<\/p>\n","protected":false},"author":2,"featured_media":6009,"comment_status":"closed","ping_status":"open","sticky":false,"template":"","format":"standard","meta":{"_jetpack_memberships_contains_paid_content":false,"footnotes":""},"categories":[83],"tags":[],"class_list":["post-6008","post","type-post","status-publish","format-standard","has-post-thumbnail","hentry","category-noticias"],"yoast_head":"<!-- This site is optimized with the Yoast SEO plugin v25.6 - https:\/\/yoast.com\/wordpress\/plugins\/seo\/ -->\n<title>Persisten los problemas de infraestructura en la Escuela N\u00b0 22 de Ushuaia - FM Nuestras Voces<\/title>\n<meta name=\"robots\" content=\"index, follow, max-snippet:-1, max-image-preview:large, max-video-preview:-1\" \/>\n<link rel=\"canonical\" href=\"https:\/\/fmnuestrasvoces.com.ar\/fmnv\/persisten-los-problemas-de-infraestructura-en-la-escuela-n-22-de-ushuaia\/\" \/>\n<meta property=\"og:locale\" content=\"es_ES\" \/>\n<meta property=\"og:type\" content=\"article\" \/>\n<meta property=\"og:title\" content=\"Persisten los problemas de infraestructura en la Escuela N\u00b0 22 de Ushuaia - FM Nuestras Voces\" \/>\n<meta property=\"og:description\" content=\"A principios de diciembre de 2024, la comunidad educativa enfrent\u00f3 la interrupci\u00f3n de las clases debido a problemas edilicios. La empresa Camuzzi inhabilit\u00f3 el medidor de gas porque el \u00e1rea de Infraestructura no hab\u00eda llevado a cabo las reparaciones y el mantenimiento necesarios en el sector de calderas, a pesar de que el equipo directivo [&hellip;]\" \/>\n<meta property=\"og:url\" content=\"https:\/\/fmnuestrasvoces.com.ar\/fmnv\/persisten-los-problemas-de-infraestructura-en-la-escuela-n-22-de-ushuaia\/\" \/>\n<meta property=\"og:site_name\" content=\"FM Nuestras Voces\" \/>\n<meta property=\"article:published_time\" content=\"2025-02-27T21:23:31+00:00\" \/>\n<meta property=\"og:image\" content=\"https:\/\/fmnuestrasvoces.com.ar\/fmnv\/wp-content\/uploads\/2025\/02\/escuela-22.jpg\" \/>\n\t<meta property=\"og:image:width\" content=\"1214\" \/>\n\t<meta property=\"og:image:height\" content=\"682\" \/>\n\t<meta property=\"og:image:type\" content=\"image\/jpeg\" \/>\n<meta name=\"author\" content=\"fmnv\" \/>\n<meta name=\"twitter:card\" content=\"summary_large_image\" \/>\n<meta name=\"twitter:label1\" content=\"Escrito por\" \/>\n\t<meta name=\"twitter:data1\" content=\"fmnv\" \/>\n\t<meta name=\"twitter:label2\" content=\"Tiempo de lectura\" \/>\n\t<meta name=\"twitter:data2\" content=\"2 minutos\" \/>\n<script type=\"application\/ld+json\" class=\"yoast-schema-graph\">{\"@context\":\"https:\/\/schema.org\",\"@graph\":[{\"@type\":\"Article\",\"@id\":\"https:\/\/fmnuestrasvoces.com.ar\/fmnv\/persisten-los-problemas-de-infraestructura-en-la-escuela-n-22-de-ushuaia\/#article\",\"isPartOf\":{\"@id\":\"https:\/\/fmnuestrasvoces.com.ar\/fmnv\/persisten-los-problemas-de-infraestructura-en-la-escuela-n-22-de-ushuaia\/\"},\"author\":{\"name\":\"fmnv\",\"@id\":\"https:\/\/fmnuestrasvoces.com.ar\/fmnv\/#\/schema\/person\/46c854550d525ce0ebcb057864474dfb\"},\"headline\":\"Persisten los problemas de infraestructura en la Escuela N\u00b0 22 de Ushuaia\",\"datePublished\":\"2025-02-27T21:23:31+00:00\",\"mainEntityOfPage\":{\"@id\":\"https:\/\/fmnuestrasvoces.com.ar\/fmnv\/persisten-los-problemas-de-infraestructura-en-la-escuela-n-22-de-ushuaia\/\"},\"wordCount\":418,\"publisher\":{\"@id\":\"https:\/\/fmnuestrasvoces.com.ar\/fmnv\/#organization\"},\"image\":{\"@id\":\"https:\/\/fmnuestrasvoces.com.ar\/fmnv\/persisten-los-problemas-de-infraestructura-en-la-escuela-n-22-de-ushuaia\/#primaryimage\"},\"thumbnailUrl\":\"https:\/\/i0.wp.com\/fmnuestrasvoces.com.ar\/fmnv\/wp-content\/uploads\/2025\/02\/escuela-22.jpg?fit=1214%2C682&ssl=1\",\"articleSection\":[\"Noticias\"],\"inLanguage\":\"es\"},{\"@type\":\"WebPage\",\"@id\":\"https:\/\/fmnuestrasvoces.com.ar\/fmnv\/persisten-los-problemas-de-infraestructura-en-la-escuela-n-22-de-ushuaia\/\",\"url\":\"https:\/\/fmnuestrasvoces.com.ar\/fmnv\/persisten-los-problemas-de-infraestructura-en-la-escuela-n-22-de-ushuaia\/\",\"name\":\"Persisten los problemas de infraestructura en la Escuela N\u00b0 22 de Ushuaia - FM Nuestras Voces\",\"isPartOf\":{\"@id\":\"https:\/\/fmnuestrasvoces.com.ar\/fmnv\/#website\"},\"primaryImageOfPage\":{\"@id\":\"https:\/\/fmnuestrasvoces.com.ar\/fmnv\/persisten-los-problemas-de-infraestructura-en-la-escuela-n-22-de-ushuaia\/#primaryimage\"},\"image\":{\"@id\":\"https:\/\/fmnuestrasvoces.com.ar\/fmnv\/persisten-los-problemas-de-infraestructura-en-la-escuela-n-22-de-ushuaia\/#primaryimage\"},\"thumbnailUrl\":\"https:\/\/i0.wp.com\/fmnuestrasvoces.com.ar\/fmnv\/wp-content\/uploads\/2025\/02\/escuela-22.jpg?fit=1214%2C682&ssl=1\",\"datePublished\":\"2025-02-27T21:23:31+00:00\",\"breadcrumb\":{\"@id\":\"https:\/\/fmnuestrasvoces.com.ar\/fmnv\/persisten-los-problemas-de-infraestructura-en-la-escuela-n-22-de-ushuaia\/#breadcrumb\"},\"inLanguage\":\"es\",\"potentialAction\":[{\"@type\":\"ReadAction\",\"target\":[\"https:\/\/fmnuestrasvoces.com.ar\/fmnv\/persisten-los-problemas-de-infraestructura-en-la-escuela-n-22-de-ushuaia\/\"]}]},{\"@type\":\"ImageObject\",\"inLanguage\":\"es\",\"@id\":\"https:\/\/fmnuestrasvoces.com.ar\/fmnv\/persisten-los-problemas-de-infraestructura-en-la-escuela-n-22-de-ushuaia\/#primaryimage\",\"url\":\"https:\/\/i0.wp.com\/fmnuestrasvoces.com.ar\/fmnv\/wp-content\/uploads\/2025\/02\/escuela-22.jpg?fit=1214%2C682&ssl=1\",\"contentUrl\":\"https:\/\/i0.wp.com\/fmnuestrasvoces.com.ar\/fmnv\/wp-content\/uploads\/2025\/02\/escuela-22.jpg?fit=1214%2C682&ssl=1\",\"width\":1214,\"height\":682},{\"@type\":\"BreadcrumbList\",\"@id\":\"https:\/\/fmnuestrasvoces.com.ar\/fmnv\/persisten-los-problemas-de-infraestructura-en-la-escuela-n-22-de-ushuaia\/#breadcrumb\",\"itemListElement\":[{\"@type\":\"ListItem\",\"position\":1,\"name\":\"Portada\",\"item\":\"https:\/\/fmnuestrasvoces.com.ar\/fmnv\/\"},{\"@type\":\"ListItem\",\"position\":2,\"name\":\"Persisten los problemas de infraestructura en la Escuela N\u00b0 22 de Ushuaia\"}]},{\"@type\":\"WebSite\",\"@id\":\"https:\/\/fmnuestrasvoces.com.ar\/fmnv\/#website\",\"url\":\"https:\/\/fmnuestrasvoces.com.ar\/fmnv\/\",\"name\":\"FM Nuestras Voces\",\"description\":\"La radio comunitaria de Tierra del Fuego, Ant\u00e1rtida e Islas del Atl\u00e1ntico Sur\",\"publisher\":{\"@id\":\"https:\/\/fmnuestrasvoces.com.ar\/fmnv\/#organization\"},\"potentialAction\":[{\"@type\":\"SearchAction\",\"target\":{\"@type\":\"EntryPoint\",\"urlTemplate\":\"https:\/\/fmnuestrasvoces.com.ar\/fmnv\/?s={search_term_string}\"},\"query-input\":{\"@type\":\"PropertyValueSpecification\",\"valueRequired\":true,\"valueName\":\"search_term_string\"}}],\"inLanguage\":\"es\"},{\"@type\":\"Organization\",\"@id\":\"https:\/\/fmnuestrasvoces.com.ar\/fmnv\/#organization\",\"name\":\"FM Nuestras Voces\",\"url\":\"https:\/\/fmnuestrasvoces.com.ar\/fmnv\/\",\"logo\":{\"@type\":\"ImageObject\",\"inLanguage\":\"es\",\"@id\":\"https:\/\/fmnuestrasvoces.com.ar\/fmnv\/#\/schema\/logo\/image\/\",\"url\":\"https:\/\/fmnuestrasvoces.com.ar\/fmnv\/wp-content\/uploads\/2024\/02\/Logo-1.svg\",\"contentUrl\":\"https:\/\/fmnuestrasvoces.com.ar\/fmnv\/wp-content\/uploads\/2024\/02\/Logo-1.svg\",\"width\":864,\"height\":268,\"caption\":\"FM Nuestras Voces\"},\"image\":{\"@id\":\"https:\/\/fmnuestrasvoces.com.ar\/fmnv\/#\/schema\/logo\/image\/\"}},{\"@type\":\"Person\",\"@id\":\"https:\/\/fmnuestrasvoces.com.ar\/fmnv\/#\/schema\/person\/46c854550d525ce0ebcb057864474dfb\",\"name\":\"fmnv\",\"image\":{\"@type\":\"ImageObject\",\"inLanguage\":\"es\",\"@id\":\"https:\/\/fmnuestrasvoces.com.ar\/fmnv\/#\/schema\/person\/image\/\",\"url\":\"https:\/\/secure.gravatar.com\/avatar\/66e61dcdc70b762f1f37822f172abe7f31cbb438813bb6fc6bdb8022a5f9adbe?s=96&d=mm&r=g\",\"contentUrl\":\"https:\/\/secure.gravatar.com\/avatar\/66e61dcdc70b762f1f37822f172abe7f31cbb438813bb6fc6bdb8022a5f9adbe?s=96&d=mm&r=g\",\"caption\":\"fmnv\"},\"url\":\"https:\/\/fmnuestrasvoces.com.ar\/fmnv\/author\/fmnv2021\/\"}]}<\/script>\n<!-- \/ Yoast SEO plugin. -->","yoast_head_json":{"title":"Persisten los problemas de infraestructura en la Escuela N\u00b0 22 de Ushuaia - FM Nuestras Voces","robots":{"index":"index","follow":"follow","max-snippet":"max-snippet:-1","max-image-preview":"max-image-preview:large","max-video-preview":"max-video-preview:-1"},"canonical":"https:\/\/fmnuestrasvoces.com.ar\/fmnv\/persisten-los-problemas-de-infraestructura-en-la-escuela-n-22-de-ushuaia\/","og_locale":"es_ES","og_type":"article","og_title":"Persisten los problemas de infraestructura en la Escuela N\u00b0 22 de Ushuaia - FM Nuestras Voces","og_description":"A principios de diciembre de 2024, la comunidad educativa enfrent\u00f3 la interrupci\u00f3n de las clases debido a problemas edilicios. La empresa Camuzzi inhabilit\u00f3 el medidor de gas porque el \u00e1rea de Infraestructura no hab\u00eda llevado a cabo las reparaciones y el mantenimiento necesarios en el sector de calderas, a pesar de que el equipo directivo [&hellip;]","og_url":"https:\/\/fmnuestrasvoces.com.ar\/fmnv\/persisten-los-problemas-de-infraestructura-en-la-escuela-n-22-de-ushuaia\/","og_site_name":"FM Nuestras Voces","article_published_time":"2025-02-27T21:23:31+00:00","og_image":[{"width":1214,"height":682,"url":"https:\/\/fmnuestrasvoces.com.ar\/fmnv\/wp-content\/uploads\/2025\/02\/escuela-22.jpg","type":"image\/jpeg"}],"author":"fmnv","twitter_card":"summary_large_image","twitter_misc":{"Escrito por":"fmnv","Tiempo de lectura":"2 minutos"},"schema":{"@context":"https:\/\/schema.org","@graph":[{"@type":"Article","@id":"https:\/\/fmnuestrasvoces.com.ar\/fmnv\/persisten-los-problemas-de-infraestructura-en-la-escuela-n-22-de-ushuaia\/#article","isPartOf":{"@id":"https:\/\/fmnuestrasvoces.com.ar\/fmnv\/persisten-los-problemas-de-infraestructura-en-la-escuela-n-22-de-ushuaia\/"},"author":{"name":"fmnv","@id":"https:\/\/fmnuestrasvoces.com.ar\/fmnv\/#\/schema\/person\/46c854550d525ce0ebcb057864474dfb"},"headline":"Persisten los problemas de infraestructura en la Escuela N\u00b0 22 de Ushuaia","datePublished":"2025-02-27T21:23:31+00:00","mainEntityOfPage":{"@id":"https:\/\/fmnuestrasvoces.com.ar\/fmnv\/persisten-los-problemas-de-infraestructura-en-la-escuela-n-22-de-ushuaia\/"},"wordCount":418,"publisher":{"@id":"https:\/\/fmnuestrasvoces.com.ar\/fmnv\/#organization"},"image":{"@id":"https:\/\/fmnuestrasvoces.com.ar\/fmnv\/persisten-los-problemas-de-infraestructura-en-la-escuela-n-22-de-ushuaia\/#primaryimage"},"thumbnailUrl":"https:\/\/i0.wp.com\/fmnuestrasvoces.com.ar\/fmnv\/wp-content\/uploads\/2025\/02\/escuela-22.jpg?fit=1214%2C682&ssl=1","articleSection":["Noticias"],"inLanguage":"es"},{"@type":"WebPage","@id":"https:\/\/fmnuestrasvoces.com.ar\/fmnv\/persisten-los-problemas-de-infraestructura-en-la-escuela-n-22-de-ushuaia\/","url":"https:\/\/fmnuestrasvoces.com.ar\/fmnv\/persisten-los-problemas-de-infraestructura-en-la-escuela-n-22-de-ushuaia\/","name":"Persisten los problemas de infraestructura en la Escuela N\u00b0 22 de Ushuaia - FM Nuestras Voces","isPartOf":{"@id":"https:\/\/fmnuestrasvoces.com.ar\/fmnv\/#website"},"primaryImageOfPage":{"@id":"https:\/\/fmnuestrasvoces.com.ar\/fmnv\/persisten-los-problemas-de-infraestructura-en-la-escuela-n-22-de-ushuaia\/#primaryimage"},"image":{"@id":"https:\/\/fmnuestrasvoces.com.ar\/fmnv\/persisten-los-problemas-de-infraestructura-en-la-escuela-n-22-de-ushuaia\/#primaryimage"},"thumbnailUrl":"https:\/\/i0.wp.com\/fmnuestrasvoces.com.ar\/fmnv\/wp-content\/uploads\/2025\/02\/escuela-22.jpg?fit=1214%2C682&ssl=1","datePublished":"2025-02-27T21:23:31+00:00","breadcrumb":{"@id":"https:\/\/fmnuestrasvoces.com.ar\/fmnv\/persisten-los-problemas-de-infraestructura-en-la-escuela-n-22-de-ushuaia\/#breadcrumb"},"inLanguage":"es","potentialAction":[{"@type":"ReadAction","target":["https:\/\/fmnuestrasvoces.com.ar\/fmnv\/persisten-los-problemas-de-infraestructura-en-la-escuela-n-22-de-ushuaia\/"]}]},{"@type":"ImageObject","inLanguage":"es","@id":"https:\/\/fmnuestrasvoces.com.ar\/fmnv\/persisten-los-problemas-de-infraestructura-en-la-escuela-n-22-de-ushuaia\/#primaryimage","url":"https:\/\/i0.wp.com\/fmnuestrasvoces.com.ar\/fmnv\/wp-content\/uploads\/2025\/02\/escuela-22.jpg?fit=1214%2C682&ssl=1","contentUrl":"https:\/\/i0.wp.com\/fmnuestrasvoces.com.ar\/fmnv\/wp-content\/uploads\/2025\/02\/escuela-22.jpg?fit=1214%2C682&ssl=1","width":1214,"height":682},{"@type":"BreadcrumbList","@id":"https:\/\/fmnuestrasvoces.com.ar\/fmnv\/persisten-los-problemas-de-infraestructura-en-la-escuela-n-22-de-ushuaia\/#breadcrumb","itemListElement":[{"@type":"ListItem","position":1,"name":"Portada","item":"https:\/\/fmnuestrasvoces.com.ar\/fmnv\/"},{"@type":"ListItem","position":2,"name":"Persisten los problemas de infraestructura en la Escuela N\u00b0 22 de Ushuaia"}]},{"@type":"WebSite","@id":"https:\/\/fmnuestrasvoces.com.ar\/fmnv\/#website","url":"https:\/\/fmnuestrasvoces.com.ar\/fmnv\/","name":"FM Nuestras Voces","description":"La radio comunitaria de Tierra del Fuego, Ant\u00e1rtida e Islas del Atl\u00e1ntico Sur","publisher":{"@id":"https:\/\/fmnuestrasvoces.com.ar\/fmnv\/#organization"},"potentialAction":[{"@type":"SearchAction","target":{"@type":"EntryPoint","urlTemplate":"https:\/\/fmnuestrasvoces.com.ar\/fmnv\/?s={search_term_string}"},"query-input":{"@type":"PropertyValueSpecification","valueRequired":true,"valueName":"search_term_string"}}],"inLanguage":"es"},{"@type":"Organization","@id":"https:\/\/fmnuestrasvoces.com.ar\/fmnv\/#organization","name":"FM Nuestras Voces","url":"https:\/\/fmnuestrasvoces.com.ar\/fmnv\/","logo":{"@type":"ImageObject","inLanguage":"es","@id":"https:\/\/fmnuestrasvoces.com.ar\/fmnv\/#\/schema\/logo\/image\/","url":"https:\/\/fmnuestrasvoces.com.ar\/fmnv\/wp-content\/uploads\/2024\/02\/Logo-1.svg","contentUrl":"https:\/\/fmnuestrasvoces.com.ar\/fmnv\/wp-content\/uploads\/2024\/02\/Logo-1.svg","width":864,"height":268,"caption":"FM Nuestras Voces"},"image":{"@id":"https:\/\/fmnuestrasvoces.com.ar\/fmnv\/#\/schema\/logo\/image\/"}},{"@type":"Person","@id":"https:\/\/fmnuestrasvoces.com.ar\/fmnv\/#\/schema\/person\/46c854550d525ce0ebcb057864474dfb","name":"fmnv","image":{"@type":"ImageObject","inLanguage":"es","@id":"https:\/\/fmnuestrasvoces.com.ar\/fmnv\/#\/schema\/person\/image\/","url":"https:\/\/secure.gravatar.com\/avatar\/66e61dcdc70b762f1f37822f172abe7f31cbb438813bb6fc6bdb8022a5f9adbe?s=96&d=mm&r=g","contentUrl":"https:\/\/secure.gravatar.com\/avatar\/66e61dcdc70b762f1f37822f172abe7f31cbb438813bb6fc6bdb8022a5f9adbe?s=96&d=mm&r=g","caption":"fmnv"},"url":"https:\/\/fmnuestrasvoces.com.ar\/fmnv\/author\/fmnv2021\/"}]}},"jetpack_featured_media_url":"https:\/\/i0.wp.com\/fmnuestrasvoces.com.ar\/fmnv\/wp-content\/uploads\/2025\/02\/escuela-22.jpg?fit=1214%2C682&ssl=1","jetpack_shortlink":"https:\/\/wp.me\/pfy0zr-1yU","jetpack_sharing_enabled":true,"_links":{"self":[{"href":"https:\/\/fmnuestrasvoces.com.ar\/fmnv\/wp-json\/wp\/v2\/posts\/6008","targetHints":{"allow":["GET"]}}],"collection":[{"href":"https:\/\/fmnuestrasvoces.com.ar\/fmnv\/wp-json\/wp\/v2\/posts"}],"about":[{"href":"https:\/\/fmnuestrasvoces.com.ar\/fmnv\/wp-json\/wp\/v2\/types\/post"}],"author":[{"embeddable":true,"href":"https:\/\/fmnuestrasvoces.com.ar\/fmnv\/wp-json\/wp\/v2\/users\/2"}],"replies":[{"embeddable":true,"href":"https:\/\/fmnuestrasvoces.com.ar\/fmnv\/wp-json\/wp\/v2\/comments?post=6008"}],"version-history":[{"count":1,"href":"https:\/\/fmnuestrasvoces.com.ar\/fmnv\/wp-json\/wp\/v2\/posts\/6008\/revisions"}],"predecessor-version":[{"id":6010,"href":"https:\/\/fmnuestrasvoces.com.ar\/fmnv\/wp-json\/wp\/v2\/posts\/6008\/revisions\/6010"}],"wp:featuredmedia":[{"embeddable":true,"href":"https:\/\/fmnuestrasvoces.com.ar\/fmnv\/wp-json\/wp\/v2\/media\/6009"}],"wp:attachment":[{"href":"https:\/\/fmnuestrasvoces.com.ar\/fmnv\/wp-json\/wp\/v2\/media?parent=6008"}],"wp:term":[{"taxonomy":"category","embeddable":true,"href":"https:\/\/fmnuestrasvoces.com.ar\/fmnv\/wp-json\/wp\/v2\/categories?post=6008"},{"taxonomy":"post_tag","embeddable":true,"href":"https:\/\/fmnuestrasvoces.com.ar\/fmnv\/wp-json\/wp\/v2\/tags?post=6008"}],"curies":[{"name":"wp","href":"https:\/\/api.w.org\/{rel}","templated":true}]}}