{"id":6016,"date":"2025-03-10T16:16:36","date_gmt":"2025-03-10T19:16:36","guid":{"rendered":"https:\/\/fmnuestrasvoces.com.ar\/fmnv\/?p=6016"},"modified":"2025-03-10T16:46:15","modified_gmt":"2025-03-10T19:46:15","slug":"panorama-nacional-docente","status":"publish","type":"post","link":"https:\/\/fmnuestrasvoces.com.ar\/fmnv\/panorama-nacional-docente\/","title":{"rendered":"Panorama nacional docente"},"content":{"rendered":"\t\t<div data-elementor-type=\"wp-post\" data-elementor-id=\"6016\" class=\"elementor elementor-6016\" data-elementor-post-type=\"post\">\n\t\t\t\t\t\t<section class=\"elementor-section elementor-top-section elementor-element elementor-element-502afb68 elementor-section-boxed elementor-section-height-default elementor-section-height-default\" data-id=\"502afb68\" data-element_type=\"section\">\n\t\t\t\t\t\t<div class=\"elementor-container elementor-column-gap-default\">\n\t\t\t\t\t<div class=\"elementor-column elementor-col-100 elementor-top-column elementor-element elementor-element-6f21fc31\" data-id=\"6f21fc31\" data-element_type=\"column\">\n\t\t\t<div class=\"elementor-widget-wrap elementor-element-populated\">\n\t\t\t\t\t\t<div class=\"elementor-element elementor-element-2c9603df elementor-widget elementor-widget-text-editor\" data-id=\"2c9603df\" data-element_type=\"widget\" data-widget_type=\"text-editor.default\">\n\t\t\t\t<div class=\"elementor-widget-container\">\n\t\t\t\t\t\t\t\t\t<h2><b>CHACO<\/b><\/h2><p><span style=\"font-weight: 400;\">\u201cLa realidad de Chaco no es distinta a la de otras provincias, con una paritaria que le falta el respeto a la docencia, porque se llama el \u00faltimo d\u00eda h\u00e1bil para \u2018comunicar\u2019, y esto no da tiempo para realizar las consultas respectivas en las escuelas\u201d, manifest\u00f3 Soledad Effenberger, secretaria general del Sindicato de Educadores del Chaco (SECH).<\/span><\/p><p><span style=\"font-weight: 400;\">Effenberger explic\u00f3 que, aunque existe una cl\u00e1usula gatillo para compensar las p\u00e9rdidas causadas por la inflaci\u00f3n, no se ha logrado \u201cmejorar m\u00e1s que eso\u201d en cuanto a los salarios.<\/span><\/p><p><span style=\"font-weight: 400;\">\u201cHay m\u00e1s de 2.000 escuelas, y todas tienen problemas. Hoy, tener un aire acondicionado es una necesidad: es inhumano que los docentes est\u00e9n dando clases bajo los \u00e1rboles con m\u00e1s de 42\u00b0C\u201d, asever\u00f3, criticando las declaraciones de la ministra de Educaci\u00f3n, quien subestima la gravedad de la situaci\u00f3n.<\/span><\/p><p><span style=\"font-weight: 400;\">Adem\u00e1s, consider\u00f3 que se falta el respeto a la docencia chaque\u00f1a en todo sentido: \u201cNo solamente con la cuesti\u00f3n salarial, sino tambi\u00e9n en lo que respecta a sus condiciones de trabajo\u201d.<\/span><\/p><p><span style=\"font-weight: 400;\">Para cerrar, la secretaria general del SECH critic\u00f3 el papel de los medios de comunicaci\u00f3n, que promueven ideas sobre el salario docente que la sociedad \u201ctermina aceptando como discurso\u201d. Esto, se\u00f1al\u00f3, genera un conflicto, ya que divide a la comunidad educativa, mientras que la realidad de los salarios no se condice con lo que se difunde en los medios.<\/span><\/p>\t\t\t\t\t\t\t\t<\/div>\n\t\t\t\t<\/div>\n\t\t\t\t\t<\/div>\n\t\t<\/div>\n\t\t\t\t\t<\/div>\n\t\t<\/section>\n\t\t\t\t<section class=\"elementor-section elementor-top-section elementor-element elementor-element-741b893 elementor-section-boxed elementor-section-height-default elementor-section-height-default\" data-id=\"741b893\" data-element_type=\"section\">\n\t\t\t\t\t\t<div class=\"elementor-container elementor-column-gap-default\">\n\t\t\t\t\t<div class=\"elementor-column elementor-col-100 elementor-top-column elementor-element elementor-element-d1fc166\" data-id=\"d1fc166\" data-element_type=\"column\">\n\t\t\t<div class=\"elementor-widget-wrap elementor-element-populated\">\n\t\t\t\t\t\t<div class=\"elementor-element elementor-element-78e099b elementor-widget elementor-widget-video\" data-id=\"78e099b\" data-element_type=\"widget\" data-settings=\"{&quot;youtube_url&quot;:&quot;https:\\\/\\\/www.youtube.com\\\/watch?v=oNRAjUOITt8&quot;,&quot;lazy_load&quot;:&quot;yes&quot;,&quot;video_type&quot;:&quot;youtube&quot;,&quot;controls&quot;:&quot;yes&quot;}\" data-widget_type=\"video.default\">\n\t\t\t\t<div class=\"elementor-widget-container\">\n\t\t\t\t\t\t\t<div class=\"elementor-wrapper elementor-open-inline\">\n\t\t\t<div class=\"elementor-video\"><\/div>\t\t<\/div>\n\t\t\t\t\t\t<\/div>\n\t\t\t\t<\/div>\n\t\t\t\t\t<\/div>\n\t\t<\/div>\n\t\t\t\t\t<\/div>\n\t\t<\/section>\n\t\t\t\t<section class=\"elementor-section elementor-top-section elementor-element elementor-element-f820f2f elementor-section-boxed elementor-section-height-default elementor-section-height-default\" data-id=\"f820f2f\" data-element_type=\"section\">\n\t\t\t\t\t\t<div class=\"elementor-container elementor-column-gap-default\">\n\t\t\t\t\t<div class=\"elementor-column elementor-col-100 elementor-top-column elementor-element elementor-element-0412761\" data-id=\"0412761\" data-element_type=\"column\">\n\t\t\t<div class=\"elementor-widget-wrap elementor-element-populated\">\n\t\t\t\t\t\t<div class=\"elementor-element elementor-element-0621ecb elementor-widget-divider--view-line elementor-widget elementor-widget-divider\" data-id=\"0621ecb\" data-element_type=\"widget\" data-widget_type=\"divider.default\">\n\t\t\t\t<div class=\"elementor-widget-container\">\n\t\t\t\t\t\t\t<div class=\"elementor-divider\">\n\t\t\t<span class=\"elementor-divider-separator\">\n\t\t\t\t\t\t<\/span>\n\t\t<\/div>\n\t\t\t\t\t\t<\/div>\n\t\t\t\t<\/div>\n\t\t\t\t\t<\/div>\n\t\t<\/div>\n\t\t\t\t\t<\/div>\n\t\t<\/section>\n\t\t\t\t<section class=\"elementor-section elementor-top-section elementor-element elementor-element-1a59004 elementor-section-boxed elementor-section-height-default elementor-section-height-default\" data-id=\"1a59004\" data-element_type=\"section\">\n\t\t\t\t\t\t<div class=\"elementor-container elementor-column-gap-default\">\n\t\t\t\t\t<div class=\"elementor-column elementor-col-100 elementor-top-column elementor-element elementor-element-e13c269\" data-id=\"e13c269\" data-element_type=\"column\">\n\t\t\t<div class=\"elementor-widget-wrap elementor-element-populated\">\n\t\t\t\t\t\t<div class=\"elementor-element elementor-element-4facebc elementor-widget elementor-widget-text-editor\" data-id=\"4facebc\" data-element_type=\"widget\" data-widget_type=\"text-editor.default\">\n\t\t\t\t<div class=\"elementor-widget-container\">\n\t\t\t\t\t\t\t\t\t<h2><b>CHUBUT<\/b><\/h2><p><span style=\"font-weight: 400;\">La docencia de la provincia llev\u00f3 adelante un plan de lucha que incluy\u00f3 dos paros de 48 horas (el primero, el 24 y 25 de febrero, y el segundo, el 5 y 6 de marzo), acompa\u00f1ados de movilizaciones y una marcha provincial hacia Rawson.<\/span><\/p><p><span style=\"font-weight: 400;\">\u201cNosotros ven\u00edamos planteando la necesidad de que se reabra la paritaria, que el gobierno cerr\u00f3 de manera unilateral desde octubre en adelante\u201d, explic\u00f3 Daniel Murphy, secretario general de la Asociaci\u00f3n de Trabajadores de la Educaci\u00f3n de Chubut (ATECH).<\/span><\/p><p><span style=\"font-weight: 400;\">El dirigente destac\u00f3 que la adhesi\u00f3n al primer paro fue masiva, a pesar de las presiones ejercidas por el gobierno. \u201cLuego de rechazar la conciliaci\u00f3n obligatoria, resolvimos una marcha provincial en el marco de un paro de 48 horas los d\u00edas 5 y 6 de marzo\u201d, detall\u00f3.<\/span><\/p><p><span style=\"font-weight: 400;\">Adem\u00e1s, Murphy critic\u00f3 fuertemente al gobierno de Torres, recordando las declaraciones del ministro de Educaci\u00f3n: \u201cEl Ministro de Educaci\u00f3n dijo que \u2018nunca fue el objetivo alcanzar la canasta b\u00e1sica con el salario inicial\u2019\u201d. Y agreg\u00f3: \u201cNo s\u00e9 de qu\u00e9 piensan que van a vivir las y los docentes, que con dos cargos estamos por debajo de la l\u00ednea de pobreza\u201d.<\/span><\/p>\t\t\t\t\t\t\t\t<\/div>\n\t\t\t\t<\/div>\n\t\t\t\t\t<\/div>\n\t\t<\/div>\n\t\t\t\t\t<\/div>\n\t\t<\/section>\n\t\t\t\t<section class=\"elementor-section elementor-top-section elementor-element elementor-element-274c0bf elementor-section-boxed elementor-section-height-default elementor-section-height-default\" data-id=\"274c0bf\" data-element_type=\"section\">\n\t\t\t\t\t\t<div class=\"elementor-container elementor-column-gap-default\">\n\t\t\t\t\t<div class=\"elementor-column elementor-col-100 elementor-top-column elementor-element elementor-element-da6e116\" data-id=\"da6e116\" data-element_type=\"column\">\n\t\t\t<div class=\"elementor-widget-wrap elementor-element-populated\">\n\t\t\t\t\t\t<div class=\"elementor-element elementor-element-72aa036 elementor-widget elementor-widget-video\" data-id=\"72aa036\" data-element_type=\"widget\" data-settings=\"{&quot;youtube_url&quot;:&quot;https:\\\/\\\/www.youtube.com\\\/watch?v=ygIIklF1cUQ&quot;,&quot;lazy_load&quot;:&quot;yes&quot;,&quot;video_type&quot;:&quot;youtube&quot;,&quot;controls&quot;:&quot;yes&quot;}\" data-widget_type=\"video.default\">\n\t\t\t\t<div class=\"elementor-widget-container\">\n\t\t\t\t\t\t\t<div class=\"elementor-wrapper elementor-open-inline\">\n\t\t\t<div class=\"elementor-video\"><\/div>\t\t<\/div>\n\t\t\t\t\t\t<\/div>\n\t\t\t\t<\/div>\n\t\t\t\t\t<\/div>\n\t\t<\/div>\n\t\t\t\t\t<\/div>\n\t\t<\/section>\n\t\t\t\t<section class=\"elementor-section elementor-top-section elementor-element elementor-element-629e488 elementor-section-boxed elementor-section-height-default elementor-section-height-default\" data-id=\"629e488\" data-element_type=\"section\">\n\t\t\t\t\t\t<div class=\"elementor-container elementor-column-gap-default\">\n\t\t\t\t\t<div class=\"elementor-column elementor-col-100 elementor-top-column elementor-element elementor-element-45ddb83\" data-id=\"45ddb83\" data-element_type=\"column\">\n\t\t\t<div class=\"elementor-widget-wrap elementor-element-populated\">\n\t\t\t\t\t\t<div class=\"elementor-element elementor-element-461be99 elementor-widget-divider--view-line elementor-widget elementor-widget-divider\" data-id=\"461be99\" data-element_type=\"widget\" data-widget_type=\"divider.default\">\n\t\t\t\t<div class=\"elementor-widget-container\">\n\t\t\t\t\t\t\t<div class=\"elementor-divider\">\n\t\t\t<span class=\"elementor-divider-separator\">\n\t\t\t\t\t\t<\/span>\n\t\t<\/div>\n\t\t\t\t\t\t<\/div>\n\t\t\t\t<\/div>\n\t\t\t\t\t<\/div>\n\t\t<\/div>\n\t\t\t\t\t<\/div>\n\t\t<\/section>\n\t\t\t\t<section class=\"elementor-section elementor-top-section elementor-element elementor-element-ab0ae2d elementor-section-boxed elementor-section-height-default elementor-section-height-default\" data-id=\"ab0ae2d\" data-element_type=\"section\">\n\t\t\t\t\t\t<div class=\"elementor-container elementor-column-gap-default\">\n\t\t\t\t\t<div class=\"elementor-column elementor-col-100 elementor-top-column elementor-element elementor-element-63e62b1\" data-id=\"63e62b1\" data-element_type=\"column\">\n\t\t\t<div class=\"elementor-widget-wrap elementor-element-populated\">\n\t\t\t\t\t\t<div class=\"elementor-element elementor-element-6e27b22 elementor-widget elementor-widget-text-editor\" data-id=\"6e27b22\" data-element_type=\"widget\" data-widget_type=\"text-editor.default\">\n\t\t\t\t<div class=\"elementor-widget-container\">\n\t\t\t\t\t\t\t\t\t<h2><b>FORMOSA<\/b><\/h2><p><span style=\"font-weight: 400;\">\u00abVolvemos al aula con mucha bronca porque hab\u00edamos decidido adherir al paro\u00bb, expres\u00f3 Nilda Pati\u00f1o, secretaria gremial del Gremio Docente Autoconvocados (GDA), en referencia a la decisi\u00f3n de la CGT y CTERA de suspender la medida de fuerza prevista para el 5 de marzo.<\/span><\/p><p><span style=\"font-weight: 400;\">\u00abAc\u00e1 no hay paritarias, sino que el gobernador \u2018anuncia\u2019. As\u00ed que se sum\u00f3 todo: la traici\u00f3n de las centrales nacionales y el gobierno, que el pasado viernes anunci\u00f3 un salario inicial que ni se acerca a lo que venimos reclamando. Ni en mayo llegaremos al mill\u00f3n de pesos\u00bb, critic\u00f3 Pati\u00f1o.<\/span><\/p><p><span style=\"font-weight: 400;\">La dirigente denunci\u00f3 que las y los trabajadores de la educaci\u00f3n en Formosa forman \u00abparte de ese gran mapa de la pobreza docente en la Rep\u00fablica Argentina\u00bb. Adem\u00e1s, manifest\u00f3 su preocupaci\u00f3n por el impacto de la reforma en el nivel secundario y por una reorganizaci\u00f3n administrativa que implica el cierre de divisiones, escuelas, colegios y jardines. \u00abNadie aclara si van a reubicar a los docentes que quedar\u00e1n sin trabajo\u00bb, advirti\u00f3.<\/span><\/p><p><span style=\"font-weight: 400;\">Pati\u00f1o explic\u00f3 que desde el GDA solicitaron una mesa pol\u00edtica y gremial con el gobernador de la provincia para abordar estos temas. \u00abLa gran paradoja es que, desde el gobierno, dicen oponerse al modelo de Milei, pero cuando uno los mira en la pr\u00e1ctica, son demasiado parecidos para nuestro gusto\u00bb, concluy\u00f3.<\/span><\/p>\t\t\t\t\t\t\t\t<\/div>\n\t\t\t\t<\/div>\n\t\t\t\t\t<\/div>\n\t\t<\/div>\n\t\t\t\t\t<\/div>\n\t\t<\/section>\n\t\t\t\t<section class=\"elementor-section elementor-top-section elementor-element elementor-element-3d9ccf7 elementor-section-boxed elementor-section-height-default elementor-section-height-default\" data-id=\"3d9ccf7\" data-element_type=\"section\">\n\t\t\t\t\t\t<div class=\"elementor-container elementor-column-gap-default\">\n\t\t\t\t\t<div class=\"elementor-column elementor-col-100 elementor-top-column elementor-element elementor-element-c0ffb42\" data-id=\"c0ffb42\" data-element_type=\"column\">\n\t\t\t<div class=\"elementor-widget-wrap\">\n\t\t\t\t\t\t\t<\/div>\n\t\t<\/div>\n\t\t\t\t\t<\/div>\n\t\t<\/section>\n\t\t\t\t<section class=\"elementor-section elementor-top-section elementor-element elementor-element-9f33e8c elementor-section-boxed elementor-section-height-default elementor-section-height-default\" data-id=\"9f33e8c\" data-element_type=\"section\">\n\t\t\t\t\t\t<div class=\"elementor-container elementor-column-gap-default\">\n\t\t\t\t\t<div class=\"elementor-column elementor-col-100 elementor-top-column elementor-element elementor-element-1fc8104\" data-id=\"1fc8104\" data-element_type=\"column\">\n\t\t\t<div class=\"elementor-widget-wrap elementor-element-populated\">\n\t\t\t\t\t\t<div class=\"elementor-element elementor-element-a1965bb elementor-widget elementor-widget-video\" data-id=\"a1965bb\" data-element_type=\"widget\" data-settings=\"{&quot;youtube_url&quot;:&quot;https:\\\/\\\/www.youtube.com\\\/watch?v=Z027B1jnTLk&quot;,&quot;lazy_load&quot;:&quot;yes&quot;,&quot;video_type&quot;:&quot;youtube&quot;,&quot;controls&quot;:&quot;yes&quot;}\" data-widget_type=\"video.default\">\n\t\t\t\t<div class=\"elementor-widget-container\">\n\t\t\t\t\t\t\t<div class=\"elementor-wrapper elementor-open-inline\">\n\t\t\t<div class=\"elementor-video\"><\/div>\t\t<\/div>\n\t\t\t\t\t\t<\/div>\n\t\t\t\t<\/div>\n\t\t\t\t<div class=\"elementor-element elementor-element-f7c0c12 elementor-widget-divider--view-line elementor-widget elementor-widget-divider\" data-id=\"f7c0c12\" data-element_type=\"widget\" data-widget_type=\"divider.default\">\n\t\t\t\t<div class=\"elementor-widget-container\">\n\t\t\t\t\t\t\t<div class=\"elementor-divider\">\n\t\t\t<span class=\"elementor-divider-separator\">\n\t\t\t\t\t\t<\/span>\n\t\t<\/div>\n\t\t\t\t\t\t<\/div>\n\t\t\t\t<\/div>\n\t\t\t\t\t<\/div>\n\t\t<\/div>\n\t\t\t\t\t<\/div>\n\t\t<\/section>\n\t\t\t\t<section class=\"elementor-section elementor-top-section elementor-element elementor-element-0ac4ca6 elementor-section-boxed elementor-section-height-default elementor-section-height-default\" data-id=\"0ac4ca6\" data-element_type=\"section\">\n\t\t\t\t\t\t<div class=\"elementor-container elementor-column-gap-default\">\n\t\t\t\t\t<div class=\"elementor-column elementor-col-100 elementor-top-column elementor-element elementor-element-9031c8d\" data-id=\"9031c8d\" data-element_type=\"column\">\n\t\t\t<div class=\"elementor-widget-wrap elementor-element-populated\">\n\t\t\t\t\t\t<div class=\"elementor-element elementor-element-f9cfdcb elementor-widget elementor-widget-text-editor\" data-id=\"f9cfdcb\" data-element_type=\"widget\" data-widget_type=\"text-editor.default\">\n\t\t\t\t<div class=\"elementor-widget-container\">\n\t\t\t\t\t\t\t\t\t<h2><b>JUJUY<\/b><\/h2><p><span style=\"font-weight: 400;\">\u201cAc\u00e1 en nuestra provincia hay muchas situaciones que no encuentran soluci\u00f3n. Hoy nos falta mucho para llegar a la canasta b\u00e1sica, y gran parte de lo que nos pagan es en negro; si trabajamos en dos cargos, hay muchos adicionales que no percibimos en el segundo cargo\u201d, sostuvo Mercedes Sosa, secretaria general del Centro de Docentes de Ense\u00f1anza Media y Superior (CEDEMS).<\/span><\/p><p><span style=\"font-weight: 400;\">Adem\u00e1s, Sosa explic\u00f3 que existe un alto nivel de precarizaci\u00f3n y falta de estabilidad laboral, ya que \u201cseg\u00fan la cantidad de estudiantes matriculados, se garantiza o no la apertura de una divisi\u00f3n, y anualmente los cargos siempre caen\u201d.<\/span><\/p><p><span style=\"font-weight: 400;\">Tras rechazar el 10 % de aumento en dos cuotas ofrecido por el gobierno de Carlos Sadir, el pasado 5 de marzo, los gremios CEDEMS y ADEP llevaron a cabo un paro para exigir \u201cun salario igual al costo de la canasta familiar, en un cargo, condiciones laborales dignas y en defensa de los puestos de trabajo\u201d.<\/span><\/p>\t\t\t\t\t\t\t\t<\/div>\n\t\t\t\t<\/div>\n\t\t\t\t\t<\/div>\n\t\t<\/div>\n\t\t\t\t\t<\/div>\n\t\t<\/section>\n\t\t\t\t<section class=\"elementor-section elementor-top-section elementor-element elementor-element-64a9235 elementor-section-boxed elementor-section-height-default elementor-section-height-default\" data-id=\"64a9235\" data-element_type=\"section\">\n\t\t\t\t\t\t<div class=\"elementor-container elementor-column-gap-default\">\n\t\t\t\t\t<div class=\"elementor-column elementor-col-100 elementor-top-column elementor-element elementor-element-27191ee\" data-id=\"27191ee\" data-element_type=\"column\">\n\t\t\t<div class=\"elementor-widget-wrap elementor-element-populated\">\n\t\t\t\t\t\t<div class=\"elementor-element elementor-element-00be55c elementor-widget elementor-widget-video\" data-id=\"00be55c\" data-element_type=\"widget\" data-settings=\"{&quot;youtube_url&quot;:&quot;https:\\\/\\\/www.youtube.com\\\/watch?v=cCFMKV8uTlA&quot;,&quot;lazy_load&quot;:&quot;yes&quot;,&quot;video_type&quot;:&quot;youtube&quot;,&quot;controls&quot;:&quot;yes&quot;}\" data-widget_type=\"video.default\">\n\t\t\t\t<div class=\"elementor-widget-container\">\n\t\t\t\t\t\t\t<div class=\"elementor-wrapper elementor-open-inline\">\n\t\t\t<div class=\"elementor-video\"><\/div>\t\t<\/div>\n\t\t\t\t\t\t<\/div>\n\t\t\t\t<\/div>\n\t\t\t\t\t<\/div>\n\t\t<\/div>\n\t\t\t\t\t<\/div>\n\t\t<\/section>\n\t\t\t\t<section class=\"elementor-section elementor-top-section elementor-element elementor-element-5b5a85a elementor-section-boxed elementor-section-height-default elementor-section-height-default\" data-id=\"5b5a85a\" data-element_type=\"section\">\n\t\t\t\t\t\t<div class=\"elementor-container elementor-column-gap-default\">\n\t\t\t\t\t<div class=\"elementor-column elementor-col-100 elementor-top-column elementor-element elementor-element-4631143\" data-id=\"4631143\" data-element_type=\"column\">\n\t\t\t<div class=\"elementor-widget-wrap elementor-element-populated\">\n\t\t\t\t\t\t<div class=\"elementor-element elementor-element-b78ffb9 elementor-widget-divider--view-line elementor-widget elementor-widget-divider\" data-id=\"b78ffb9\" data-element_type=\"widget\" data-widget_type=\"divider.default\">\n\t\t\t\t<div class=\"elementor-widget-container\">\n\t\t\t\t\t\t\t<div class=\"elementor-divider\">\n\t\t\t<span class=\"elementor-divider-separator\">\n\t\t\t\t\t\t<\/span>\n\t\t<\/div>\n\t\t\t\t\t\t<\/div>\n\t\t\t\t<\/div>\n\t\t\t\t\t<\/div>\n\t\t<\/div>\n\t\t\t\t\t<\/div>\n\t\t<\/section>\n\t\t\t\t<section class=\"elementor-section elementor-top-section elementor-element elementor-element-0c7fbc0 elementor-section-boxed elementor-section-height-default elementor-section-height-default\" data-id=\"0c7fbc0\" data-element_type=\"section\">\n\t\t\t\t\t\t<div class=\"elementor-container elementor-column-gap-default\">\n\t\t\t\t\t<div class=\"elementor-column elementor-col-100 elementor-top-column elementor-element elementor-element-0da4016\" data-id=\"0da4016\" data-element_type=\"column\">\n\t\t\t<div class=\"elementor-widget-wrap elementor-element-populated\">\n\t\t\t\t\t\t<div class=\"elementor-element elementor-element-6e35f53 elementor-widget elementor-widget-text-editor\" data-id=\"6e35f53\" data-element_type=\"widget\" data-widget_type=\"text-editor.default\">\n\t\t\t\t<div class=\"elementor-widget-container\">\n\t\t\t\t\t\t\t\t\t<h2><b>MISIONES<\/b><\/h2><p><span style=\"font-weight: 400;\">El sindicato Movimiento Pedag\u00f3gico de Liberaci\u00f3n (MPL) resolvi\u00f3 un paro provincial de 48 horas para los d\u00edas mi\u00e9rcoles 5 y jueves 6 de marzo, que incluy\u00f3 cortes de ruta intermitentes y asambleas.<\/span><\/p><p><span style=\"font-weight: 400;\">\u201cNo aparece la propuesta que pueda destrabar el conflicto, por lo tanto, no hay pautada una nueva mesa de negociaci\u00f3n\u201d, explic\u00f3 el secretario general del MPL, Rub\u00e9n Ortiz.<\/span><\/p><p><span style=\"font-weight: 400;\">La docencia confluy\u00f3 en la lucha con las trabajadoras y trabajadores de la yerba, \u201choy la bandera de la lucha es por el precio de la yerba y por el salario docente\u201d, sostuvo Ortiz, afirmando que \u201chay un proceso de unidad creciente que favorece bastante y sobre todo protege a las trabajadoras y los trabajadores de cualquier intento represivo. Esto brinda seguridad y alienta, porque solos es muy dif\u00edcil\u201d.<\/span><\/p>\t\t\t\t\t\t\t\t<\/div>\n\t\t\t\t<\/div>\n\t\t\t\t\t<\/div>\n\t\t<\/div>\n\t\t\t\t\t<\/div>\n\t\t<\/section>\n\t\t\t\t<section class=\"elementor-section elementor-top-section elementor-element elementor-element-1137b07 elementor-section-boxed elementor-section-height-default elementor-section-height-default\" data-id=\"1137b07\" data-element_type=\"section\">\n\t\t\t\t\t\t<div class=\"elementor-container elementor-column-gap-default\">\n\t\t\t\t\t<div class=\"elementor-column elementor-col-100 elementor-top-column elementor-element elementor-element-7cc2e65\" data-id=\"7cc2e65\" data-element_type=\"column\">\n\t\t\t<div class=\"elementor-widget-wrap elementor-element-populated\">\n\t\t\t\t\t\t<div class=\"elementor-element elementor-element-ad935b2 elementor-widget elementor-widget-video\" data-id=\"ad935b2\" data-element_type=\"widget\" data-settings=\"{&quot;youtube_url&quot;:&quot;https:\\\/\\\/www.youtube.com\\\/watch?v=G4vfxq1hrGA&quot;,&quot;lazy_load&quot;:&quot;yes&quot;,&quot;video_type&quot;:&quot;youtube&quot;,&quot;controls&quot;:&quot;yes&quot;}\" data-widget_type=\"video.default\">\n\t\t\t\t<div class=\"elementor-widget-container\">\n\t\t\t\t\t\t\t<div class=\"elementor-wrapper elementor-open-inline\">\n\t\t\t<div class=\"elementor-video\"><\/div>\t\t<\/div>\n\t\t\t\t\t\t<\/div>\n\t\t\t\t<\/div>\n\t\t\t\t\t<\/div>\n\t\t<\/div>\n\t\t\t\t\t<\/div>\n\t\t<\/section>\n\t\t\t\t<section class=\"elementor-section elementor-top-section elementor-element elementor-element-71a177f elementor-section-boxed elementor-section-height-default elementor-section-height-default\" data-id=\"71a177f\" data-element_type=\"section\">\n\t\t\t\t\t\t<div class=\"elementor-container elementor-column-gap-default\">\n\t\t\t\t\t<div class=\"elementor-column elementor-col-100 elementor-top-column elementor-element elementor-element-f16f945\" data-id=\"f16f945\" data-element_type=\"column\">\n\t\t\t<div class=\"elementor-widget-wrap elementor-element-populated\">\n\t\t\t\t\t\t<div class=\"elementor-element elementor-element-1c64a41 elementor-widget-divider--view-line elementor-widget elementor-widget-divider\" data-id=\"1c64a41\" data-element_type=\"widget\" data-widget_type=\"divider.default\">\n\t\t\t\t<div class=\"elementor-widget-container\">\n\t\t\t\t\t\t\t<div class=\"elementor-divider\">\n\t\t\t<span class=\"elementor-divider-separator\">\n\t\t\t\t\t\t<\/span>\n\t\t<\/div>\n\t\t\t\t\t\t<\/div>\n\t\t\t\t<\/div>\n\t\t\t\t\t<\/div>\n\t\t<\/div>\n\t\t\t\t\t<\/div>\n\t\t<\/section>\n\t\t\t\t<section class=\"elementor-section elementor-top-section elementor-element elementor-element-045e162 elementor-section-boxed elementor-section-height-default elementor-section-height-default\" data-id=\"045e162\" data-element_type=\"section\">\n\t\t\t\t\t\t<div class=\"elementor-container elementor-column-gap-default\">\n\t\t\t\t\t<div class=\"elementor-column elementor-col-100 elementor-top-column elementor-element elementor-element-637230f\" data-id=\"637230f\" data-element_type=\"column\">\n\t\t\t<div class=\"elementor-widget-wrap elementor-element-populated\">\n\t\t\t\t\t\t<div class=\"elementor-element elementor-element-9cd4f9b elementor-widget elementor-widget-text-editor\" data-id=\"9cd4f9b\" data-element_type=\"widget\" data-widget_type=\"text-editor.default\">\n\t\t\t\t<div class=\"elementor-widget-container\">\n\t\t\t\t\t\t\t\t\t<h2><b>SALTA<\/b><\/h2><p><span style=\"font-weight: 400;\">\u201cLa semana pasada se cerraron las paritarias en Salta, con un acuerdo de 9% semestral en tres tramos. Esto fue rechazado por nuestro sindicato y por varios sindicatos m\u00e1s\u201d, detall\u00f3 Victoria Cervera, secretaria general del Sindicato de Trabajadores de la Educaci\u00f3n de la provincia de Salta (SITEPSA).<\/span><\/p><p><span style=\"font-weight: 400;\">Cervera explic\u00f3 que, al no tratarse de paritarias sectoriales, no se pueden abordar diversas problem\u00e1ticas espec\u00edficas de la docencia, como cuestiones salariales, el pago por zona extraurbana y desfavorable, entre otras.<\/span><\/p><p><span style=\"font-weight: 400;\">\u201cLa docencia se ha manifestado en asambleas, con un rechazo absoluto a esta propuesta y con el inicio de un plan de lucha\u201d, sostuvo. \u201cTenemos aproximadamente 1.200 escuelas, por lo que ser\u00e1 un trabajo arduo dar a conocer esta propuesta. Sin embargo, como el plan de lucha es progresivo, iremos avanzando en este sentido. En primera instancia, trabajaremos con los delegados escolares y, en aquellas escuelas donde no los hay, nos presentaremos para abordar las problem\u00e1ticas, que van desde la falta de personal hasta los problemas de infraestructura\u201d.<\/span><\/p>\t\t\t\t\t\t\t\t<\/div>\n\t\t\t\t<\/div>\n\t\t\t\t\t<\/div>\n\t\t<\/div>\n\t\t\t\t\t<\/div>\n\t\t<\/section>\n\t\t\t\t<section class=\"elementor-section elementor-top-section elementor-element elementor-element-1567991 elementor-section-boxed elementor-section-height-default elementor-section-height-default\" data-id=\"1567991\" data-element_type=\"section\">\n\t\t\t\t\t\t<div class=\"elementor-container elementor-column-gap-default\">\n\t\t\t\t\t<div class=\"elementor-column elementor-col-100 elementor-top-column elementor-element elementor-element-57521c8\" data-id=\"57521c8\" data-element_type=\"column\">\n\t\t\t<div class=\"elementor-widget-wrap elementor-element-populated\">\n\t\t\t\t\t\t<div class=\"elementor-element elementor-element-222d682 elementor-widget elementor-widget-video\" data-id=\"222d682\" data-element_type=\"widget\" data-settings=\"{&quot;youtube_url&quot;:&quot;https:\\\/\\\/www.youtube.com\\\/watch?v=yvWjIyX4fF8&amp;feature=youtu.be&quot;,&quot;lazy_load&quot;:&quot;yes&quot;,&quot;video_type&quot;:&quot;youtube&quot;,&quot;controls&quot;:&quot;yes&quot;}\" data-widget_type=\"video.default\">\n\t\t\t\t<div class=\"elementor-widget-container\">\n\t\t\t\t\t\t\t<div class=\"elementor-wrapper elementor-open-inline\">\n\t\t\t<div class=\"elementor-video\"><\/div>\t\t<\/div>\n\t\t\t\t\t\t<\/div>\n\t\t\t\t<\/div>\n\t\t\t\t<div class=\"elementor-element elementor-element-96cc35e elementor-widget-divider--view-line elementor-widget elementor-widget-divider\" data-id=\"96cc35e\" data-element_type=\"widget\" data-widget_type=\"divider.default\">\n\t\t\t\t<div class=\"elementor-widget-container\">\n\t\t\t\t\t\t\t<div class=\"elementor-divider\">\n\t\t\t<span class=\"elementor-divider-separator\">\n\t\t\t\t\t\t<\/span>\n\t\t<\/div>\n\t\t\t\t\t\t<\/div>\n\t\t\t\t<\/div>\n\t\t\t\t\t<\/div>\n\t\t<\/div>\n\t\t\t\t\t<\/div>\n\t\t<\/section>\n\t\t\t\t<section class=\"elementor-section elementor-top-section elementor-element elementor-element-0b64111 elementor-section-boxed elementor-section-height-default elementor-section-height-default\" data-id=\"0b64111\" data-element_type=\"section\">\n\t\t\t\t\t\t<div class=\"elementor-container elementor-column-gap-default\">\n\t\t\t\t\t<div class=\"elementor-column elementor-col-100 elementor-top-column elementor-element elementor-element-576cbd9\" data-id=\"576cbd9\" data-element_type=\"column\">\n\t\t\t<div class=\"elementor-widget-wrap elementor-element-populated\">\n\t\t\t\t\t\t<div class=\"elementor-element elementor-element-740664f elementor-widget elementor-widget-text-editor\" data-id=\"740664f\" data-element_type=\"widget\" data-widget_type=\"text-editor.default\">\n\t\t\t\t<div class=\"elementor-widget-container\">\n\t\t\t\t\t\t\t\t\t<h2><b>SAN JUAN<\/b><\/h2><p><span style=\"font-weight: 400;\">El 5 de marzo, los gremios de la CGT llevaron adelante el paro en la provincia con movilizaci\u00f3n a casa de gobierno, ante la falta de respuesta al reclamo salarial de la docencia, donde se realiz\u00f3 la entrega de un petitorio al gobernador Marcelo Orrego. El paro tuvo una adhesi\u00f3n del 90% en los establecimientos educativos de la provincia.<\/span><\/p><p><span style=\"font-weight: 400;\">\u00abSi bien la inflaci\u00f3n dice el gobierno que se ha parado, todos sentimos que estamos perdiendo y que no tenemos la misma capacidad de gastar, ahorrar o llegar a fin de mes que tuvimos el a\u00f1o pasado\u201d, indic\u00f3 el secretario de relaciones institucionales de SADOP, Ag\u00fcero Federico.\u00a0<\/span><\/p><p><span style=\"font-weight: 400;\">Plante\u00f3 que en el gobierno anterior se hab\u00eda logrado un acuerdo en el que los salarios aumentaban autom\u00e1ticamente seg\u00fan el \u00edndice de inflaci\u00f3n. \u201cDe esa negociaci\u00f3n se tom\u00f3 el gobierno actual, para decirnos que nos est\u00e1 dando lo justo porque nos da de acuerdo al INDEC, que es el 1% o 2% y eso en nuestro salario son $ 1.000, $ 1.500 de aumento\u201d, coment\u00f3, resaltado que se solicit\u00f3 modificar ese acuerdo seg\u00fan el \u00edndice de inflaci\u00f3n, sin embargo, el gobierno cerr\u00f3 la paritaria y otorg\u00f3 un aumento por decreto, \u201cpor lo cual hoy estamos luchando para que se reabra la paritaria\u201d.<\/span><\/p><p><span style=\"font-weight: 400;\">\u00abEste paro ha surgido muy de abajo, muy del enojo de la gente por el maltrato que a veces duele m\u00e1s que no te aumenten lo suficiente. El docente se siente siempre agredido cuando no lo toman en cuenta, cuando no lo quieren escuchar\u00bb, sostuvo.<\/span><\/p>\t\t\t\t\t\t\t\t<\/div>\n\t\t\t\t<\/div>\n\t\t\t\t\t<\/div>\n\t\t<\/div>\n\t\t\t\t\t<\/div>\n\t\t<\/section>\n\t\t\t\t<section class=\"elementor-section elementor-top-section elementor-element elementor-element-ba34aee elementor-section-boxed elementor-section-height-default elementor-section-height-default\" data-id=\"ba34aee\" data-element_type=\"section\">\n\t\t\t\t\t\t<div class=\"elementor-container elementor-column-gap-default\">\n\t\t\t\t\t<div class=\"elementor-column elementor-col-100 elementor-top-column elementor-element elementor-element-435fb48\" data-id=\"435fb48\" data-element_type=\"column\">\n\t\t\t<div class=\"elementor-widget-wrap elementor-element-populated\">\n\t\t\t\t\t\t<div class=\"elementor-element elementor-element-c3422f8 elementor-widget elementor-widget-video\" data-id=\"c3422f8\" data-element_type=\"widget\" data-settings=\"{&quot;youtube_url&quot;:&quot;https:\\\/\\\/www.youtube.com\\\/watch?v=S8ShacUbHvk&quot;,&quot;lazy_load&quot;:&quot;yes&quot;,&quot;video_type&quot;:&quot;youtube&quot;,&quot;controls&quot;:&quot;yes&quot;}\" data-widget_type=\"video.default\">\n\t\t\t\t<div class=\"elementor-widget-container\">\n\t\t\t\t\t\t\t<div class=\"elementor-wrapper elementor-open-inline\">\n\t\t\t<div class=\"elementor-video\"><\/div>\t\t<\/div>\n\t\t\t\t\t\t<\/div>\n\t\t\t\t<\/div>\n\t\t\t\t\t<\/div>\n\t\t<\/div>\n\t\t\t\t\t<\/div>\n\t\t<\/section>\n\t\t\t\t<section class=\"elementor-section elementor-top-section elementor-element elementor-element-0a0386d elementor-section-boxed elementor-section-height-default elementor-section-height-default\" data-id=\"0a0386d\" data-element_type=\"section\">\n\t\t\t\t\t\t<div class=\"elementor-container elementor-column-gap-default\">\n\t\t\t\t\t<div class=\"elementor-column elementor-col-100 elementor-top-column elementor-element elementor-element-bcf35ad\" data-id=\"bcf35ad\" data-element_type=\"column\">\n\t\t\t<div class=\"elementor-widget-wrap elementor-element-populated\">\n\t\t\t\t\t\t<div class=\"elementor-element elementor-element-f2f5168 elementor-widget-divider--view-line elementor-widget elementor-widget-divider\" data-id=\"f2f5168\" data-element_type=\"widget\" data-widget_type=\"divider.default\">\n\t\t\t\t<div class=\"elementor-widget-container\">\n\t\t\t\t\t\t\t<div class=\"elementor-divider\">\n\t\t\t<span class=\"elementor-divider-separator\">\n\t\t\t\t\t\t<\/span>\n\t\t<\/div>\n\t\t\t\t\t\t<\/div>\n\t\t\t\t<\/div>\n\t\t\t\t\t<\/div>\n\t\t<\/div>\n\t\t\t\t\t<\/div>\n\t\t<\/section>\n\t\t\t\t<section class=\"elementor-section elementor-top-section elementor-element elementor-element-ca2284f elementor-section-boxed elementor-section-height-default elementor-section-height-default\" data-id=\"ca2284f\" data-element_type=\"section\">\n\t\t\t\t\t\t<div class=\"elementor-container elementor-column-gap-default\">\n\t\t\t\t\t<div class=\"elementor-column elementor-col-100 elementor-top-column elementor-element elementor-element-55785ad\" data-id=\"55785ad\" data-element_type=\"column\">\n\t\t\t<div class=\"elementor-widget-wrap elementor-element-populated\">\n\t\t\t\t\t\t<div class=\"elementor-element elementor-element-9332a13 elementor-widget elementor-widget-text-editor\" data-id=\"9332a13\" data-element_type=\"widget\" data-widget_type=\"text-editor.default\">\n\t\t\t\t<div class=\"elementor-widget-container\">\n\t\t\t\t\t\t\t\t\t<h2><b>SANTA CRUZ<\/b><\/h2><p><span style=\"font-weight: 400;\">\u201cTenemos un paro de 48 horas esta semana, que es la continuidad de un plan de lucha iniciado la semana anterior, cuando tuvimos 72 horas de paro con un alt\u00edsimo acatamiento en toda la provincia\u201d, manifest\u00f3 Miguel del Pla, secretario administrativo de la Asociaci\u00f3n Docente de Santa Cruz (ADOSAC).<\/span><\/p><p><span style=\"font-weight: 400;\">El dirigente explic\u00f3 que la docencia no solo lucha por un aumento salarial, sino tambi\u00e9n por un ajuste en la educaci\u00f3n p\u00fablica, ante el cierre de cursos en los niveles inicial y de adultos, la reducci\u00f3n de cargos y los problemas de infraestructura educativa.<\/span><\/p><p><span style=\"font-weight: 400;\">Respecto a la negociaci\u00f3n salarial, \u201cno est\u00e1 interrumpida. Ellos intentaron la semana pasada, cuando se convoc\u00f3 al paro de 72 horas, aplicarnos una conciliaci\u00f3n obligatoria que rechazamos por ilegal, porque el Ministerio de Trabajo act\u00faa en la paritaria como parte del poder pol\u00edtico\u201d, se\u00f1al\u00f3 Del Pla.<\/span><\/p><p><span style=\"font-weight: 400;\">El dirigente destac\u00f3 que, ante la masividad del paro de 72 horas, el gobierno convoc\u00f3 a paritaria y ofreci\u00f3 una cl\u00e1usula gatillo anual \u2014que se ajusta seg\u00fan el \u00edndice del INDEC del mes anterior\u2014 y un porcentaje de recuperaci\u00f3n salarial del 9% para el segundo semestre.<\/span><\/p><p><span style=\"font-weight: 400;\">Esta propuesta fue rechazada por las asambleas que ratificaron el paro de 48 hs., exigiendo que se mejore el porcentaje de la recomposici\u00f3n salarial, que la misma se pague en el primer semestre y mesa de negociaci\u00f3n en julio. Asimismo, se pidi\u00f3 la conformaci\u00f3n de una comisi\u00f3n ad hoc para proteger los puestos de trabajo y las condiciones edilicias.<\/span><\/p>\t\t\t\t\t\t\t\t<\/div>\n\t\t\t\t<\/div>\n\t\t\t\t\t<\/div>\n\t\t<\/div>\n\t\t\t\t\t<\/div>\n\t\t<\/section>\n\t\t\t\t<section class=\"elementor-section elementor-top-section elementor-element elementor-element-53e3acb elementor-section-boxed elementor-section-height-default elementor-section-height-default\" data-id=\"53e3acb\" data-element_type=\"section\">\n\t\t\t\t\t\t<div class=\"elementor-container elementor-column-gap-default\">\n\t\t\t\t\t<div class=\"elementor-column elementor-col-100 elementor-top-column elementor-element elementor-element-7ff5296\" data-id=\"7ff5296\" data-element_type=\"column\">\n\t\t\t<div class=\"elementor-widget-wrap elementor-element-populated\">\n\t\t\t\t\t\t<div class=\"elementor-element elementor-element-ec08ef1 elementor-widget elementor-widget-video\" data-id=\"ec08ef1\" data-element_type=\"widget\" data-settings=\"{&quot;youtube_url&quot;:&quot;https:\\\/\\\/www.youtube.com\\\/watch?v=WNXf6bjR3pc&quot;,&quot;lazy_load&quot;:&quot;yes&quot;,&quot;video_type&quot;:&quot;youtube&quot;,&quot;controls&quot;:&quot;yes&quot;}\" data-widget_type=\"video.default\">\n\t\t\t\t<div class=\"elementor-widget-container\">\n\t\t\t\t\t\t\t<div class=\"elementor-wrapper elementor-open-inline\">\n\t\t\t<div class=\"elementor-video\"><\/div>\t\t<\/div>\n\t\t\t\t\t\t<\/div>\n\t\t\t\t<\/div>\n\t\t\t\t\t<\/div>\n\t\t<\/div>\n\t\t\t\t\t<\/div>\n\t\t<\/section>\n\t\t\t\t<section class=\"elementor-section elementor-top-section elementor-element elementor-element-00e8aee elementor-section-boxed elementor-section-height-default elementor-section-height-default\" data-id=\"00e8aee\" data-element_type=\"section\">\n\t\t\t\t\t\t<div class=\"elementor-container elementor-column-gap-default\">\n\t\t\t\t\t<div class=\"elementor-column elementor-col-100 elementor-top-column elementor-element elementor-element-53330b7\" data-id=\"53330b7\" data-element_type=\"column\">\n\t\t\t<div class=\"elementor-widget-wrap elementor-element-populated\">\n\t\t\t\t\t\t<div class=\"elementor-element elementor-element-9f9e512 elementor-widget-divider--view-line elementor-widget elementor-widget-divider\" data-id=\"9f9e512\" data-element_type=\"widget\" data-widget_type=\"divider.default\">\n\t\t\t\t<div class=\"elementor-widget-container\">\n\t\t\t\t\t\t\t<div class=\"elementor-divider\">\n\t\t\t<span class=\"elementor-divider-separator\">\n\t\t\t\t\t\t<\/span>\n\t\t<\/div>\n\t\t\t\t\t\t<\/div>\n\t\t\t\t<\/div>\n\t\t\t\t\t<\/div>\n\t\t<\/div>\n\t\t\t\t\t<\/div>\n\t\t<\/section>\n\t\t\t\t<section class=\"elementor-section elementor-top-section elementor-element elementor-element-bc02df2 elementor-section-boxed elementor-section-height-default elementor-section-height-default\" data-id=\"bc02df2\" data-element_type=\"section\">\n\t\t\t\t\t\t<div class=\"elementor-container elementor-column-gap-default\">\n\t\t\t\t\t<div class=\"elementor-column elementor-col-100 elementor-top-column elementor-element elementor-element-93e32b6\" data-id=\"93e32b6\" data-element_type=\"column\">\n\t\t\t<div class=\"elementor-widget-wrap elementor-element-populated\">\n\t\t\t\t\t\t<div class=\"elementor-element elementor-element-d9ee958 elementor-widget elementor-widget-text-editor\" data-id=\"d9ee958\" data-element_type=\"widget\" data-widget_type=\"text-editor.default\">\n\t\t\t\t<div class=\"elementor-widget-container\">\n\t\t\t\t\t\t\t\t\t<h2><b>SANTIAGO DEL ESTERO<\/b><\/h2><p><span style=\"font-weight: 400;\">\u201cNo estamos bien, no hay paritarias y tenemos el salario b\u00e1sico m\u00e1s bajo del pa\u00eds, con un panorama bastante complicado\u201d, afirm\u00f3 Juan Carlos Chazarreta, integrante de Docentes Autoconvocados Santiago del Estero (DACSE).<\/span><\/p><p><span style=\"font-weight: 400;\">Al analizar la situaci\u00f3n provincial, Chazarreta se\u00f1al\u00f3 que la docencia santiague\u00f1a no est\u00e1 unificada, destacando la existencia de \u201c17 gremios\u201d, la mayor\u00eda \u201calineados al gobierno, lo que complica la organizaci\u00f3n y la lucha docente\u201d.<\/span><\/p><p><span style=\"font-weight: 400;\">Respecto a la recomposici\u00f3n salarial del 100% anunciada por el gobernador Gerardo Zamora, advirti\u00f3 que no es suficiente, ya que el costo de vida supera ampliamente el piso salarial de $800.000.<\/span><\/p><p><span style=\"font-weight: 400;\">\u201cEl gobierno est\u00e1 otorgando constantemente bonos \u2014en lugar de recomponer el salario, como corresponde\u2014, porque es imposible sostener una vida digna con lo que aqu\u00ed se cobra\u201d, reclam\u00f3 Chazarreta.<\/span><\/p><p><span style=\"font-weight: 400;\">Adem\u00e1s, expres\u00f3 su preocupaci\u00f3n por el transporte: \u201cEs una provincia muy extensa, y muchos docentes tienen que hacer un gasto extra para trasladarse al interior\u201d.<\/span><\/p><p><span style=\"font-weight: 400;\">\u201cCuanto m\u00e1s divididos nos tengan, menos fuerza tenemos. El armado de una corriente nacional pedag\u00f3gica es una necesidad de los docentes en conjunto, y nos debemos esa tarea\u201d, subray\u00f3, haciendo un llamado a la unidad de toda la docencia a lo largo y ancho del pa\u00eds.<\/span><\/p>\t\t\t\t\t\t\t\t<\/div>\n\t\t\t\t<\/div>\n\t\t\t\t\t<\/div>\n\t\t<\/div>\n\t\t\t\t\t<\/div>\n\t\t<\/section>\n\t\t\t\t<section class=\"elementor-section elementor-top-section elementor-element elementor-element-b41301e elementor-section-boxed elementor-section-height-default elementor-section-height-default\" data-id=\"b41301e\" data-element_type=\"section\">\n\t\t\t\t\t\t<div class=\"elementor-container elementor-column-gap-default\">\n\t\t\t\t\t<div class=\"elementor-column elementor-col-100 elementor-top-column elementor-element elementor-element-659c5c9\" data-id=\"659c5c9\" data-element_type=\"column\">\n\t\t\t<div class=\"elementor-widget-wrap elementor-element-populated\">\n\t\t\t\t\t\t<div class=\"elementor-element elementor-element-051d1c8 elementor-widget elementor-widget-video\" data-id=\"051d1c8\" data-element_type=\"widget\" data-settings=\"{&quot;youtube_url&quot;:&quot;https:\\\/\\\/www.youtube.com\\\/watch?v=lx0CKM_8yqg&quot;,&quot;lazy_load&quot;:&quot;yes&quot;,&quot;video_type&quot;:&quot;youtube&quot;,&quot;controls&quot;:&quot;yes&quot;}\" data-widget_type=\"video.default\">\n\t\t\t\t<div class=\"elementor-widget-container\">\n\t\t\t\t\t\t\t<div class=\"elementor-wrapper elementor-open-inline\">\n\t\t\t<div class=\"elementor-video\"><\/div>\t\t<\/div>\n\t\t\t\t\t\t<\/div>\n\t\t\t\t<\/div>\n\t\t\t\t\t<\/div>\n\t\t<\/div>\n\t\t\t\t\t<\/div>\n\t\t<\/section>\n\t\t\t\t<\/div>\n\t\t","protected":false},"excerpt":{"rendered":"<p>CHACO \u201cLa realidad de Chaco no es distinta a la de otras provincias, con una paritaria que le falta el respeto a la docencia, porque se llama el \u00faltimo d\u00eda h\u00e1bil para \u2018comunicar\u2019, y esto no da tiempo para realizar las consultas respectivas en las escuelas\u201d, manifest\u00f3 Soledad Effenberger, secretaria general del Sindicato de Educadores [&hellip;]<\/p>\n","protected":false},"author":2,"featured_media":6025,"comment_status":"closed","ping_status":"open","sticky":false,"template":"","format":"standard","meta":{"_jetpack_memberships_contains_paid_content":false,"footnotes":""},"categories":[83],"tags":[],"class_list":["post-6016","post","type-post","status-publish","format-standard","has-post-thumbnail","hentry","category-noticias"],"yoast_head":"<!-- This site is optimized with the Yoast SEO plugin v25.6 - https:\/\/yoast.com\/wordpress\/plugins\/seo\/ -->\n<title>Panorama nacional docente - FM Nuestras Voces<\/title>\n<meta name=\"robots\" content=\"index, follow, max-snippet:-1, max-image-preview:large, max-video-preview:-1\" \/>\n<link rel=\"canonical\" href=\"https:\/\/fmnuestrasvoces.com.ar\/fmnv\/panorama-nacional-docente\/\" \/>\n<meta property=\"og:locale\" content=\"es_ES\" \/>\n<meta property=\"og:type\" content=\"article\" \/>\n<meta property=\"og:title\" content=\"Panorama nacional docente - FM Nuestras Voces\" \/>\n<meta property=\"og:description\" content=\"CHACO \u201cLa realidad de Chaco no es distinta a la de otras provincias, con una paritaria que le falta el respeto a la docencia, porque se llama el \u00faltimo d\u00eda h\u00e1bil para \u2018comunicar\u2019, y esto no da tiempo para realizar las consultas respectivas en las escuelas\u201d, manifest\u00f3 Soledad Effenberger, secretaria general del Sindicato de Educadores [&hellip;]\" \/>\n<meta property=\"og:url\" content=\"https:\/\/fmnuestrasvoces.com.ar\/fmnv\/panorama-nacional-docente\/\" \/>\n<meta property=\"og:site_name\" content=\"FM Nuestras Voces\" \/>\n<meta property=\"article:published_time\" content=\"2025-03-10T19:16:36+00:00\" \/>\n<meta property=\"article:modified_time\" content=\"2025-03-10T19:46:15+00:00\" \/>\n<meta property=\"og:image\" content=\"https:\/\/fmnuestrasvoces.com.ar\/fmnv\/wp-content\/uploads\/2025\/03\/10-03-2025-Panorama-docente.jpg\" \/>\n\t<meta property=\"og:image:width\" content=\"1280\" \/>\n\t<meta property=\"og:image:height\" content=\"720\" \/>\n\t<meta property=\"og:image:type\" content=\"image\/jpeg\" \/>\n<meta name=\"author\" content=\"fmnv\" \/>\n<meta name=\"twitter:card\" content=\"summary_large_image\" \/>\n<meta name=\"twitter:label1\" content=\"Escrito por\" \/>\n\t<meta name=\"twitter:data1\" content=\"fmnv\" \/>\n\t<meta name=\"twitter:label2\" content=\"Tiempo de lectura\" \/>\n\t<meta name=\"twitter:data2\" content=\"9 minutos\" \/>\n<script type=\"application\/ld+json\" class=\"yoast-schema-graph\">{\"@context\":\"https:\/\/schema.org\",\"@graph\":[{\"@type\":\"Article\",\"@id\":\"https:\/\/fmnuestrasvoces.com.ar\/fmnv\/panorama-nacional-docente\/#article\",\"isPartOf\":{\"@id\":\"https:\/\/fmnuestrasvoces.com.ar\/fmnv\/panorama-nacional-docente\/\"},\"author\":{\"name\":\"fmnv\",\"@id\":\"https:\/\/fmnuestrasvoces.com.ar\/fmnv\/#\/schema\/person\/46c854550d525ce0ebcb057864474dfb\"},\"headline\":\"Panorama nacional docente\",\"datePublished\":\"2025-03-10T19:16:36+00:00\",\"dateModified\":\"2025-03-10T19:46:15+00:00\",\"mainEntityOfPage\":{\"@id\":\"https:\/\/fmnuestrasvoces.com.ar\/fmnv\/panorama-nacional-docente\/\"},\"wordCount\":1941,\"publisher\":{\"@id\":\"https:\/\/fmnuestrasvoces.com.ar\/fmnv\/#organization\"},\"image\":{\"@id\":\"https:\/\/fmnuestrasvoces.com.ar\/fmnv\/panorama-nacional-docente\/#primaryimage\"},\"thumbnailUrl\":\"https:\/\/i0.wp.com\/fmnuestrasvoces.com.ar\/fmnv\/wp-content\/uploads\/2025\/03\/10-03-2025-Panorama-docente.jpg?fit=1280%2C720&ssl=1\",\"articleSection\":[\"Noticias\"],\"inLanguage\":\"es\"},{\"@type\":\"WebPage\",\"@id\":\"https:\/\/fmnuestrasvoces.com.ar\/fmnv\/panorama-nacional-docente\/\",\"url\":\"https:\/\/fmnuestrasvoces.com.ar\/fmnv\/panorama-nacional-docente\/\",\"name\":\"Panorama nacional docente - FM Nuestras Voces\",\"isPartOf\":{\"@id\":\"https:\/\/fmnuestrasvoces.com.ar\/fmnv\/#website\"},\"primaryImageOfPage\":{\"@id\":\"https:\/\/fmnuestrasvoces.com.ar\/fmnv\/panorama-nacional-docente\/#primaryimage\"},\"image\":{\"@id\":\"https:\/\/fmnuestrasvoces.com.ar\/fmnv\/panorama-nacional-docente\/#primaryimage\"},\"thumbnailUrl\":\"https:\/\/i0.wp.com\/fmnuestrasvoces.com.ar\/fmnv\/wp-content\/uploads\/2025\/03\/10-03-2025-Panorama-docente.jpg?fit=1280%2C720&ssl=1\",\"datePublished\":\"2025-03-10T19:16:36+00:00\",\"dateModified\":\"2025-03-10T19:46:15+00:00\",\"breadcrumb\":{\"@id\":\"https:\/\/fmnuestrasvoces.com.ar\/fmnv\/panorama-nacional-docente\/#breadcrumb\"},\"inLanguage\":\"es\",\"potentialAction\":[{\"@type\":\"ReadAction\",\"target\":[\"https:\/\/fmnuestrasvoces.com.ar\/fmnv\/panorama-nacional-docente\/\"]}]},{\"@type\":\"ImageObject\",\"inLanguage\":\"es\",\"@id\":\"https:\/\/fmnuestrasvoces.com.ar\/fmnv\/panorama-nacional-docente\/#primaryimage\",\"url\":\"https:\/\/i0.wp.com\/fmnuestrasvoces.com.ar\/fmnv\/wp-content\/uploads\/2025\/03\/10-03-2025-Panorama-docente.jpg?fit=1280%2C720&ssl=1\",\"contentUrl\":\"https:\/\/i0.wp.com\/fmnuestrasvoces.com.ar\/fmnv\/wp-content\/uploads\/2025\/03\/10-03-2025-Panorama-docente.jpg?fit=1280%2C720&ssl=1\",\"width\":1280,\"height\":720},{\"@type\":\"BreadcrumbList\",\"@id\":\"https:\/\/fmnuestrasvoces.com.ar\/fmnv\/panorama-nacional-docente\/#breadcrumb\",\"itemListElement\":[{\"@type\":\"ListItem\",\"position\":1,\"name\":\"Portada\",\"item\":\"https:\/\/fmnuestrasvoces.com.ar\/fmnv\/\"},{\"@type\":\"ListItem\",\"position\":2,\"name\":\"Panorama nacional docente\"}]},{\"@type\":\"WebSite\",\"@id\":\"https:\/\/fmnuestrasvoces.com.ar\/fmnv\/#website\",\"url\":\"https:\/\/fmnuestrasvoces.com.ar\/fmnv\/\",\"name\":\"FM Nuestras Voces\",\"description\":\"La radio comunitaria de Tierra del Fuego, Ant\u00e1rtida e Islas del Atl\u00e1ntico Sur\",\"publisher\":{\"@id\":\"https:\/\/fmnuestrasvoces.com.ar\/fmnv\/#organization\"},\"potentialAction\":[{\"@type\":\"SearchAction\",\"target\":{\"@type\":\"EntryPoint\",\"urlTemplate\":\"https:\/\/fmnuestrasvoces.com.ar\/fmnv\/?s={search_term_string}\"},\"query-input\":{\"@type\":\"PropertyValueSpecification\",\"valueRequired\":true,\"valueName\":\"search_term_string\"}}],\"inLanguage\":\"es\"},{\"@type\":\"Organization\",\"@id\":\"https:\/\/fmnuestrasvoces.com.ar\/fmnv\/#organization\",\"name\":\"FM Nuestras Voces\",\"url\":\"https:\/\/fmnuestrasvoces.com.ar\/fmnv\/\",\"logo\":{\"@type\":\"ImageObject\",\"inLanguage\":\"es\",\"@id\":\"https:\/\/fmnuestrasvoces.com.ar\/fmnv\/#\/schema\/logo\/image\/\",\"url\":\"https:\/\/fmnuestrasvoces.com.ar\/fmnv\/wp-content\/uploads\/2024\/02\/Logo-1.svg\",\"contentUrl\":\"https:\/\/fmnuestrasvoces.com.ar\/fmnv\/wp-content\/uploads\/2024\/02\/Logo-1.svg\",\"width\":864,\"height\":268,\"caption\":\"FM Nuestras Voces\"},\"image\":{\"@id\":\"https:\/\/fmnuestrasvoces.com.ar\/fmnv\/#\/schema\/logo\/image\/\"}},{\"@type\":\"Person\",\"@id\":\"https:\/\/fmnuestrasvoces.com.ar\/fmnv\/#\/schema\/person\/46c854550d525ce0ebcb057864474dfb\",\"name\":\"fmnv\",\"image\":{\"@type\":\"ImageObject\",\"inLanguage\":\"es\",\"@id\":\"https:\/\/fmnuestrasvoces.com.ar\/fmnv\/#\/schema\/person\/image\/\",\"url\":\"https:\/\/secure.gravatar.com\/avatar\/66e61dcdc70b762f1f37822f172abe7f31cbb438813bb6fc6bdb8022a5f9adbe?s=96&d=mm&r=g\",\"contentUrl\":\"https:\/\/secure.gravatar.com\/avatar\/66e61dcdc70b762f1f37822f172abe7f31cbb438813bb6fc6bdb8022a5f9adbe?s=96&d=mm&r=g\",\"caption\":\"fmnv\"},\"url\":\"https:\/\/fmnuestrasvoces.com.ar\/fmnv\/author\/fmnv2021\/\"}]}<\/script>\n<!-- \/ Yoast SEO plugin. -->","yoast_head_json":{"title":"Panorama nacional docente - FM Nuestras Voces","robots":{"index":"index","follow":"follow","max-snippet":"max-snippet:-1","max-image-preview":"max-image-preview:large","max-video-preview":"max-video-preview:-1"},"canonical":"https:\/\/fmnuestrasvoces.com.ar\/fmnv\/panorama-nacional-docente\/","og_locale":"es_ES","og_type":"article","og_title":"Panorama nacional docente - FM Nuestras Voces","og_description":"CHACO \u201cLa realidad de Chaco no es distinta a la de otras provincias, con una paritaria que le falta el respeto a la docencia, porque se llama el \u00faltimo d\u00eda h\u00e1bil para \u2018comunicar\u2019, y esto no da tiempo para realizar las consultas respectivas en las escuelas\u201d, manifest\u00f3 Soledad Effenberger, secretaria general del Sindicato de Educadores [&hellip;]","og_url":"https:\/\/fmnuestrasvoces.com.ar\/fmnv\/panorama-nacional-docente\/","og_site_name":"FM Nuestras Voces","article_published_time":"2025-03-10T19:16:36+00:00","article_modified_time":"2025-03-10T19:46:15+00:00","og_image":[{"width":1280,"height":720,"url":"https:\/\/fmnuestrasvoces.com.ar\/fmnv\/wp-content\/uploads\/2025\/03\/10-03-2025-Panorama-docente.jpg","type":"image\/jpeg"}],"author":"fmnv","twitter_card":"summary_large_image","twitter_misc":{"Escrito por":"fmnv","Tiempo de lectura":"9 minutos"},"schema":{"@context":"https:\/\/schema.org","@graph":[{"@type":"Article","@id":"https:\/\/fmnuestrasvoces.com.ar\/fmnv\/panorama-nacional-docente\/#article","isPartOf":{"@id":"https:\/\/fmnuestrasvoces.com.ar\/fmnv\/panorama-nacional-docente\/"},"author":{"name":"fmnv","@id":"https:\/\/fmnuestrasvoces.com.ar\/fmnv\/#\/schema\/person\/46c854550d525ce0ebcb057864474dfb"},"headline":"Panorama nacional docente","datePublished":"2025-03-10T19:16:36+00:00","dateModified":"2025-03-10T19:46:15+00:00","mainEntityOfPage":{"@id":"https:\/\/fmnuestrasvoces.com.ar\/fmnv\/panorama-nacional-docente\/"},"wordCount":1941,"publisher":{"@id":"https:\/\/fmnuestrasvoces.com.ar\/fmnv\/#organization"},"image":{"@id":"https:\/\/fmnuestrasvoces.com.ar\/fmnv\/panorama-nacional-docente\/#primaryimage"},"thumbnailUrl":"https:\/\/i0.wp.com\/fmnuestrasvoces.com.ar\/fmnv\/wp-content\/uploads\/2025\/03\/10-03-2025-Panorama-docente.jpg?fit=1280%2C720&ssl=1","articleSection":["Noticias"],"inLanguage":"es"},{"@type":"WebPage","@id":"https:\/\/fmnuestrasvoces.com.ar\/fmnv\/panorama-nacional-docente\/","url":"https:\/\/fmnuestrasvoces.com.ar\/fmnv\/panorama-nacional-docente\/","name":"Panorama nacional docente - FM Nuestras Voces","isPartOf":{"@id":"https:\/\/fmnuestrasvoces.com.ar\/fmnv\/#website"},"primaryImageOfPage":{"@id":"https:\/\/fmnuestrasvoces.com.ar\/fmnv\/panorama-nacional-docente\/#primaryimage"},"image":{"@id":"https:\/\/fmnuestrasvoces.com.ar\/fmnv\/panorama-nacional-docente\/#primaryimage"},"thumbnailUrl":"https:\/\/i0.wp.com\/fmnuestrasvoces.com.ar\/fmnv\/wp-content\/uploads\/2025\/03\/10-03-2025-Panorama-docente.jpg?fit=1280%2C720&ssl=1","datePublished":"2025-03-10T19:16:36+00:00","dateModified":"2025-03-10T19:46:15+00:00","breadcrumb":{"@id":"https:\/\/fmnuestrasvoces.com.ar\/fmnv\/panorama-nacional-docente\/#breadcrumb"},"inLanguage":"es","potentialAction":[{"@type":"ReadAction","target":["https:\/\/fmnuestrasvoces.com.ar\/fmnv\/panorama-nacional-docente\/"]}]},{"@type":"ImageObject","inLanguage":"es","@id":"https:\/\/fmnuestrasvoces.com.ar\/fmnv\/panorama-nacional-docente\/#primaryimage","url":"https:\/\/i0.wp.com\/fmnuestrasvoces.com.ar\/fmnv\/wp-content\/uploads\/2025\/03\/10-03-2025-Panorama-docente.jpg?fit=1280%2C720&ssl=1","contentUrl":"https:\/\/i0.wp.com\/fmnuestrasvoces.com.ar\/fmnv\/wp-content\/uploads\/2025\/03\/10-03-2025-Panorama-docente.jpg?fit=1280%2C720&ssl=1","width":1280,"height":720},{"@type":"BreadcrumbList","@id":"https:\/\/fmnuestrasvoces.com.ar\/fmnv\/panorama-nacional-docente\/#breadcrumb","itemListElement":[{"@type":"ListItem","position":1,"name":"Portada","item":"https:\/\/fmnuestrasvoces.com.ar\/fmnv\/"},{"@type":"ListItem","position":2,"name":"Panorama nacional docente"}]},{"@type":"WebSite","@id":"https:\/\/fmnuestrasvoces.com.ar\/fmnv\/#website","url":"https:\/\/fmnuestrasvoces.com.ar\/fmnv\/","name":"FM Nuestras Voces","description":"La radio comunitaria de Tierra del Fuego, Ant\u00e1rtida e Islas del Atl\u00e1ntico Sur","publisher":{"@id":"https:\/\/fmnuestrasvoces.com.ar\/fmnv\/#organization"},"potentialAction":[{"@type":"SearchAction","target":{"@type":"EntryPoint","urlTemplate":"https:\/\/fmnuestrasvoces.com.ar\/fmnv\/?s={search_term_string}"},"query-input":{"@type":"PropertyValueSpecification","valueRequired":true,"valueName":"search_term_string"}}],"inLanguage":"es"},{"@type":"Organization","@id":"https:\/\/fmnuestrasvoces.com.ar\/fmnv\/#organization","name":"FM Nuestras Voces","url":"https:\/\/fmnuestrasvoces.com.ar\/fmnv\/","logo":{"@type":"ImageObject","inLanguage":"es","@id":"https:\/\/fmnuestrasvoces.com.ar\/fmnv\/#\/schema\/logo\/image\/","url":"https:\/\/fmnuestrasvoces.com.ar\/fmnv\/wp-content\/uploads\/2024\/02\/Logo-1.svg","contentUrl":"https:\/\/fmnuestrasvoces.com.ar\/fmnv\/wp-content\/uploads\/2024\/02\/Logo-1.svg","width":864,"height":268,"caption":"FM Nuestras Voces"},"image":{"@id":"https:\/\/fmnuestrasvoces.com.ar\/fmnv\/#\/schema\/logo\/image\/"}},{"@type":"Person","@id":"https:\/\/fmnuestrasvoces.com.ar\/fmnv\/#\/schema\/person\/46c854550d525ce0ebcb057864474dfb","name":"fmnv","image":{"@type":"ImageObject","inLanguage":"es","@id":"https:\/\/fmnuestrasvoces.com.ar\/fmnv\/#\/schema\/person\/image\/","url":"https:\/\/secure.gravatar.com\/avatar\/66e61dcdc70b762f1f37822f172abe7f31cbb438813bb6fc6bdb8022a5f9adbe?s=96&d=mm&r=g","contentUrl":"https:\/\/secure.gravatar.com\/avatar\/66e61dcdc70b762f1f37822f172abe7f31cbb438813bb6fc6bdb8022a5f9adbe?s=96&d=mm&r=g","caption":"fmnv"},"url":"https:\/\/fmnuestrasvoces.com.ar\/fmnv\/author\/fmnv2021\/"}]}},"jetpack_featured_media_url":"https:\/\/i0.wp.com\/fmnuestrasvoces.com.ar\/fmnv\/wp-content\/uploads\/2025\/03\/10-03-2025-Panorama-docente.jpg?fit=1280%2C720&ssl=1","jetpack_shortlink":"https:\/\/wp.me\/pfy0zr-1z2","jetpack_sharing_enabled":true,"_links":{"self":[{"href":"https:\/\/fmnuestrasvoces.com.ar\/fmnv\/wp-json\/wp\/v2\/posts\/6016","targetHints":{"allow":["GET"]}}],"collection":[{"href":"https:\/\/fmnuestrasvoces.com.ar\/fmnv\/wp-json\/wp\/v2\/posts"}],"about":[{"href":"https:\/\/fmnuestrasvoces.com.ar\/fmnv\/wp-json\/wp\/v2\/types\/post"}],"author":[{"embeddable":true,"href":"https:\/\/fmnuestrasvoces.com.ar\/fmnv\/wp-json\/wp\/v2\/users\/2"}],"replies":[{"embeddable":true,"href":"https:\/\/fmnuestrasvoces.com.ar\/fmnv\/wp-json\/wp\/v2\/comments?post=6016"}],"version-history":[{"count":12,"href":"https:\/\/fmnuestrasvoces.com.ar\/fmnv\/wp-json\/wp\/v2\/posts\/6016\/revisions"}],"predecessor-version":[{"id":6035,"href":"https:\/\/fmnuestrasvoces.com.ar\/fmnv\/wp-json\/wp\/v2\/posts\/6016\/revisions\/6035"}],"wp:featuredmedia":[{"embeddable":true,"href":"https:\/\/fmnuestrasvoces.com.ar\/fmnv\/wp-json\/wp\/v2\/media\/6025"}],"wp:attachment":[{"href":"https:\/\/fmnuestrasvoces.com.ar\/fmnv\/wp-json\/wp\/v2\/media?parent=6016"}],"wp:term":[{"taxonomy":"category","embeddable":true,"href":"https:\/\/fmnuestrasvoces.com.ar\/fmnv\/wp-json\/wp\/v2\/categories?post=6016"},{"taxonomy":"post_tag","embeddable":true,"href":"https:\/\/fmnuestrasvoces.com.ar\/fmnv\/wp-json\/wp\/v2\/tags?post=6016"}],"curies":[{"name":"wp","href":"https:\/\/api.w.org\/{rel}","templated":true}]}}