{"id":6036,"date":"2025-03-10T17:38:05","date_gmt":"2025-03-10T20:38:05","guid":{"rendered":"https:\/\/fmnuestrasvoces.com.ar\/fmnv\/?p=6036"},"modified":"2025-03-10T17:43:09","modified_gmt":"2025-03-10T20:43:09","slug":"repudio-a-los-actos-de-violencia-durante-la-marcha-del-8m-en-ushuaia-no-permitiremos-que-la-violencia-machista-nos-amedrente","status":"publish","type":"post","link":"https:\/\/fmnuestrasvoces.com.ar\/fmnv\/repudio-a-los-actos-de-violencia-durante-la-marcha-del-8m-en-ushuaia-no-permitiremos-que-la-violencia-machista-nos-amedrente\/","title":{"rendered":"Repudio a los actos de violencia durante la marcha del 8M en Ushuaia: \u201cNo permitiremos que la violencia machista nos amedrente\u201d"},"content":{"rendered":"<p>El pasado s\u00e1bado, en el marco de la conmemoraci\u00f3n de un nuevo <strong>Paro Internacional de Mujeres y Disidencias,<\/strong> cientos de mujeres, disidencias y ni\u00f1eces marcharon desde el Superior Tribunal de Justicia hasta la Plaza C\u00edvica ante el avance de los discursos de odio, las pol\u00edticas de ajuste y el avasallamiento de derechos.<\/p>\n<p>Sin embargo, <strong>la jornada estuvo marcada por actos de violencia por parte de conductores que intentaron embestir la columna de personas y la ausencia de fuerzas de seguridad, lo que puso en riesgo la integridad de las personas que se movilizaban.<\/strong><\/p>\n<p>En un comunicado emitido el s\u00e1bado 8 de marzo, la Corriente Insurrecta de Tierra del Fuego AeIAS, conden\u00f3 los actos de violencia ocurridos, se\u00f1alando que estas acciones son una manifestaci\u00f3n clara de la violencia de g\u00e9nero que enfrentan a diario las mujeres y disidencias, y que se ha visto incrementada a partir de los discursos de odio impulsados por el gobierno de Javier Milei.<\/p>\n<blockquote><p><strong>No termin\u00f3 en tragedia por la organizaci\u00f3n propia de las que estuvimos ah\u00ed. Hubo compa\u00f1eras que se pusieron en primera l\u00ednea en los cortes y fueron ellas quienes sufrieron la violencia de los conductores<\/strong><\/p><\/blockquote>\n<p>Entre los hechos denunciados, se destacan conductores que aceleraron intencionalmente hacia las manifestantes, les arrojaron el veh\u00edculo encima y realizaron maniobras que pusieron en riesgo la integridad de quienes participaban de la marcha. <strong>\u201cEstas acciones no son aisladas, sino que forman parte de un clima de violencia que busca silenciarnos\u201d<\/strong>, expresaron en el comunicado, subrayando el car\u00e1cter sistem\u00e1tico de estas agresiones.<\/p>\n<p>\u201cNo termin\u00f3 en tragedia por la organizaci\u00f3n propia de las que estuvimos ah\u00ed. Hubo compa\u00f1eras que se pusieron en primera l\u00ednea en los cortes y fueron ellas quienes sufrieron la violencia de los conductores\u201d, relat\u00f3 <strong>Mar\u00eda Ortiz, integrante de la organizaci\u00f3n, en el programa radial Tripulantes de la Ma\u00f1ana.<\/strong><\/p>\n<div id=\"attachment_6037\" style=\"width: 1610px\" class=\"wp-caption aligncenter\"><a href=\"https:\/\/i0.wp.com\/fmnuestrasvoces.com.ar\/fmnv\/wp-content\/uploads\/2025\/03\/7cb33ea2-dbff-4e69-b526-fdb77295ef5b.jpg?ssl=1\"><img data-recalc-dims=\"1\" fetchpriority=\"high\" decoding=\"async\" aria-describedby=\"caption-attachment-6037\" class=\"wp-image-6037 size-full\" src=\"https:\/\/i0.wp.com\/fmnuestrasvoces.com.ar\/fmnv\/wp-content\/uploads\/2025\/03\/7cb33ea2-dbff-4e69-b526-fdb77295ef5b.jpg?resize=1170%2C780&#038;ssl=1\" alt=\"\" width=\"1170\" height=\"780\" srcset=\"https:\/\/i0.wp.com\/fmnuestrasvoces.com.ar\/fmnv\/wp-content\/uploads\/2025\/03\/7cb33ea2-dbff-4e69-b526-fdb77295ef5b.jpg?w=1600&amp;ssl=1 1600w, https:\/\/i0.wp.com\/fmnuestrasvoces.com.ar\/fmnv\/wp-content\/uploads\/2025\/03\/7cb33ea2-dbff-4e69-b526-fdb77295ef5b.jpg?resize=300%2C200&amp;ssl=1 300w, https:\/\/i0.wp.com\/fmnuestrasvoces.com.ar\/fmnv\/wp-content\/uploads\/2025\/03\/7cb33ea2-dbff-4e69-b526-fdb77295ef5b.jpg?resize=1024%2C682&amp;ssl=1 1024w, https:\/\/i0.wp.com\/fmnuestrasvoces.com.ar\/fmnv\/wp-content\/uploads\/2025\/03\/7cb33ea2-dbff-4e69-b526-fdb77295ef5b.jpg?resize=768%2C512&amp;ssl=1 768w, https:\/\/i0.wp.com\/fmnuestrasvoces.com.ar\/fmnv\/wp-content\/uploads\/2025\/03\/7cb33ea2-dbff-4e69-b526-fdb77295ef5b.jpg?resize=1536%2C1023&amp;ssl=1 1536w\" sizes=\"(max-width: 1170px) 100vw, 1170px\" \/><\/a><p id=\"caption-attachment-6037\" class=\"wp-caption-text\">Fotograf\u00eda gentileza de Corriente Insurrecta<\/p><\/div>\n<p><strong>Ortiz afirm\u00f3 que la violencia sucedida el 8M no es un hecho aislado y critic\u00f3 la falta de acompa\u00f1amiento de quienes deben garantizar la seguridad, tanto municipio como provincia, explicando que en movilizaciones anteriores se vivieron hechos de violencia.<\/strong> \u00abTenemos un gobierno municipal y provincial que se distinguen en lo discursivo, pero necesitamos que el acompa\u00f1amiento se sienta en la pr\u00e1ctica, porque no hay ning\u00fan tipo de conexi\u00f3n entre lo que se dice y lo que se sinti\u00f3 el s\u00e1bado en Ushuaia\u00bb, afirm\u00f3.<\/p>\n<p>\u201cNadie nos va a quitar la alegr\u00eda de seguir organizadas. Se van a hacer las denuncias pertinentes y estamos en estado de alerta\u201d, asever\u00f3 Ortiz.<\/p>\n<p>Frente a estos hechos,<strong> la Corriente Insurrecta TFDAeIAS reafirm\u00f3 su compromiso con la lucha transfeminista y exigi\u00f3 investigaci\u00f3n y sanci\u00f3n para los responsables de los actos de violencia.<\/strong> \u201cNo permitiremos que la violencia machista nos amedrente. Seguiremos en las calles, alzando nuestras voces y exigiendo un mundo libre de todo tipo de violencia\u201d, concluyeron.<\/p>\n","protected":false},"excerpt":{"rendered":"<p>El pasado s\u00e1bado, en el marco de la conmemoraci\u00f3n de un nuevo Paro Internacional de Mujeres y Disidencias, cientos de mujeres, disidencias y ni\u00f1eces marcharon desde el Superior Tribunal de Justicia hasta la Plaza C\u00edvica ante el avance de los discursos de odio, las pol\u00edticas de ajuste y el avasallamiento de derechos. Sin embargo, la [&hellip;]<\/p>\n","protected":false},"author":2,"featured_media":6040,"comment_status":"closed","ping_status":"open","sticky":false,"template":"","format":"standard","meta":{"_jetpack_memberships_contains_paid_content":false,"footnotes":""},"categories":[83],"tags":[],"class_list":["post-6036","post","type-post","status-publish","format-standard","has-post-thumbnail","hentry","category-noticias"],"yoast_head":"<!-- This site is optimized with the Yoast SEO plugin v25.6 - https:\/\/yoast.com\/wordpress\/plugins\/seo\/ -->\n<title>Repudio a los actos de violencia durante la marcha del 8M en Ushuaia: \u201cNo permitiremos que la violencia machista nos amedrente\u201d - FM Nuestras Voces<\/title>\n<meta name=\"robots\" content=\"index, follow, max-snippet:-1, max-image-preview:large, max-video-preview:-1\" \/>\n<link rel=\"canonical\" href=\"https:\/\/fmnuestrasvoces.com.ar\/fmnv\/repudio-a-los-actos-de-violencia-durante-la-marcha-del-8m-en-ushuaia-no-permitiremos-que-la-violencia-machista-nos-amedrente\/\" \/>\n<meta property=\"og:locale\" content=\"es_ES\" \/>\n<meta property=\"og:type\" content=\"article\" \/>\n<meta property=\"og:title\" content=\"Repudio a los actos de violencia durante la marcha del 8M en Ushuaia: \u201cNo permitiremos que la violencia machista nos amedrente\u201d - FM Nuestras Voces\" \/>\n<meta property=\"og:description\" content=\"El pasado s\u00e1bado, en el marco de la conmemoraci\u00f3n de un nuevo Paro Internacional de Mujeres y Disidencias, cientos de mujeres, disidencias y ni\u00f1eces marcharon desde el Superior Tribunal de Justicia hasta la Plaza C\u00edvica ante el avance de los discursos de odio, las pol\u00edticas de ajuste y el avasallamiento de derechos. Sin embargo, la [&hellip;]\" \/>\n<meta property=\"og:url\" content=\"https:\/\/fmnuestrasvoces.com.ar\/fmnv\/repudio-a-los-actos-de-violencia-durante-la-marcha-del-8m-en-ushuaia-no-permitiremos-que-la-violencia-machista-nos-amedrente\/\" \/>\n<meta property=\"og:site_name\" content=\"FM Nuestras Voces\" \/>\n<meta property=\"article:published_time\" content=\"2025-03-10T20:38:05+00:00\" \/>\n<meta property=\"article:modified_time\" content=\"2025-03-10T20:43:09+00:00\" \/>\n<meta property=\"og:image\" content=\"https:\/\/fmnuestrasvoces.com.ar\/fmnv\/wp-content\/uploads\/2025\/03\/7cb33ea2-dbff-4e69-b526-fdb77295ef5b.jpg\" \/>\n\t<meta property=\"og:image:width\" content=\"1600\" \/>\n\t<meta property=\"og:image:height\" content=\"1066\" \/>\n\t<meta property=\"og:image:type\" content=\"image\/jpeg\" \/>\n<meta name=\"author\" content=\"fmnv\" \/>\n<meta name=\"twitter:card\" content=\"summary_large_image\" \/>\n<meta name=\"twitter:image\" content=\"https:\/\/i0.wp.com\/fmnuestrasvoces.com.ar\/fmnv\/wp-content\/uploads\/2025\/03\/Portada.jpg?fit=1860%2C1046&ssl=1\" \/>\n<meta name=\"twitter:label1\" content=\"Escrito por\" \/>\n\t<meta name=\"twitter:data1\" content=\"fmnv\" \/>\n\t<meta name=\"twitter:label2\" content=\"Tiempo de lectura\" \/>\n\t<meta name=\"twitter:data2\" content=\"3 minutos\" \/>\n<script type=\"application\/ld+json\" class=\"yoast-schema-graph\">{\"@context\":\"https:\/\/schema.org\",\"@graph\":[{\"@type\":\"Article\",\"@id\":\"https:\/\/fmnuestrasvoces.com.ar\/fmnv\/repudio-a-los-actos-de-violencia-durante-la-marcha-del-8m-en-ushuaia-no-permitiremos-que-la-violencia-machista-nos-amedrente\/#article\",\"isPartOf\":{\"@id\":\"https:\/\/fmnuestrasvoces.com.ar\/fmnv\/repudio-a-los-actos-de-violencia-durante-la-marcha-del-8m-en-ushuaia-no-permitiremos-que-la-violencia-machista-nos-amedrente\/\"},\"author\":{\"name\":\"fmnv\",\"@id\":\"https:\/\/fmnuestrasvoces.com.ar\/fmnv\/#\/schema\/person\/46c854550d525ce0ebcb057864474dfb\"},\"headline\":\"Repudio a los actos de violencia durante la marcha del 8M en Ushuaia: \u201cNo permitiremos que la violencia machista nos amedrente\u201d\",\"datePublished\":\"2025-03-10T20:38:05+00:00\",\"dateModified\":\"2025-03-10T20:43:09+00:00\",\"mainEntityOfPage\":{\"@id\":\"https:\/\/fmnuestrasvoces.com.ar\/fmnv\/repudio-a-los-actos-de-violencia-durante-la-marcha-del-8m-en-ushuaia-no-permitiremos-que-la-violencia-machista-nos-amedrente\/\"},\"wordCount\":526,\"publisher\":{\"@id\":\"https:\/\/fmnuestrasvoces.com.ar\/fmnv\/#organization\"},\"image\":{\"@id\":\"https:\/\/fmnuestrasvoces.com.ar\/fmnv\/repudio-a-los-actos-de-violencia-durante-la-marcha-del-8m-en-ushuaia-no-permitiremos-que-la-violencia-machista-nos-amedrente\/#primaryimage\"},\"thumbnailUrl\":\"https:\/\/i0.wp.com\/fmnuestrasvoces.com.ar\/fmnv\/wp-content\/uploads\/2025\/03\/Portada.jpg?fit=1860%2C1046&ssl=1\",\"articleSection\":[\"Noticias\"],\"inLanguage\":\"es\"},{\"@type\":\"WebPage\",\"@id\":\"https:\/\/fmnuestrasvoces.com.ar\/fmnv\/repudio-a-los-actos-de-violencia-durante-la-marcha-del-8m-en-ushuaia-no-permitiremos-que-la-violencia-machista-nos-amedrente\/\",\"url\":\"https:\/\/fmnuestrasvoces.com.ar\/fmnv\/repudio-a-los-actos-de-violencia-durante-la-marcha-del-8m-en-ushuaia-no-permitiremos-que-la-violencia-machista-nos-amedrente\/\",\"name\":\"Repudio a los actos de violencia durante la marcha del 8M en Ushuaia: \u201cNo permitiremos que la violencia machista nos amedrente\u201d - FM Nuestras Voces\",\"isPartOf\":{\"@id\":\"https:\/\/fmnuestrasvoces.com.ar\/fmnv\/#website\"},\"primaryImageOfPage\":{\"@id\":\"https:\/\/fmnuestrasvoces.com.ar\/fmnv\/repudio-a-los-actos-de-violencia-durante-la-marcha-del-8m-en-ushuaia-no-permitiremos-que-la-violencia-machista-nos-amedrente\/#primaryimage\"},\"image\":{\"@id\":\"https:\/\/fmnuestrasvoces.com.ar\/fmnv\/repudio-a-los-actos-de-violencia-durante-la-marcha-del-8m-en-ushuaia-no-permitiremos-que-la-violencia-machista-nos-amedrente\/#primaryimage\"},\"thumbnailUrl\":\"https:\/\/i0.wp.com\/fmnuestrasvoces.com.ar\/fmnv\/wp-content\/uploads\/2025\/03\/Portada.jpg?fit=1860%2C1046&ssl=1\",\"datePublished\":\"2025-03-10T20:38:05+00:00\",\"dateModified\":\"2025-03-10T20:43:09+00:00\",\"breadcrumb\":{\"@id\":\"https:\/\/fmnuestrasvoces.com.ar\/fmnv\/repudio-a-los-actos-de-violencia-durante-la-marcha-del-8m-en-ushuaia-no-permitiremos-que-la-violencia-machista-nos-amedrente\/#breadcrumb\"},\"inLanguage\":\"es\",\"potentialAction\":[{\"@type\":\"ReadAction\",\"target\":[\"https:\/\/fmnuestrasvoces.com.ar\/fmnv\/repudio-a-los-actos-de-violencia-durante-la-marcha-del-8m-en-ushuaia-no-permitiremos-que-la-violencia-machista-nos-amedrente\/\"]}]},{\"@type\":\"ImageObject\",\"inLanguage\":\"es\",\"@id\":\"https:\/\/fmnuestrasvoces.com.ar\/fmnv\/repudio-a-los-actos-de-violencia-durante-la-marcha-del-8m-en-ushuaia-no-permitiremos-que-la-violencia-machista-nos-amedrente\/#primaryimage\",\"url\":\"https:\/\/i0.wp.com\/fmnuestrasvoces.com.ar\/fmnv\/wp-content\/uploads\/2025\/03\/Portada.jpg?fit=1860%2C1046&ssl=1\",\"contentUrl\":\"https:\/\/i0.wp.com\/fmnuestrasvoces.com.ar\/fmnv\/wp-content\/uploads\/2025\/03\/Portada.jpg?fit=1860%2C1046&ssl=1\",\"width\":1860,\"height\":1046},{\"@type\":\"BreadcrumbList\",\"@id\":\"https:\/\/fmnuestrasvoces.com.ar\/fmnv\/repudio-a-los-actos-de-violencia-durante-la-marcha-del-8m-en-ushuaia-no-permitiremos-que-la-violencia-machista-nos-amedrente\/#breadcrumb\",\"itemListElement\":[{\"@type\":\"ListItem\",\"position\":1,\"name\":\"Portada\",\"item\":\"https:\/\/fmnuestrasvoces.com.ar\/fmnv\/\"},{\"@type\":\"ListItem\",\"position\":2,\"name\":\"Repudio a los actos de violencia durante la marcha del 8M en Ushuaia: \u201cNo permitiremos que la violencia machista nos amedrente\u201d\"}]},{\"@type\":\"WebSite\",\"@id\":\"https:\/\/fmnuestrasvoces.com.ar\/fmnv\/#website\",\"url\":\"https:\/\/fmnuestrasvoces.com.ar\/fmnv\/\",\"name\":\"FM Nuestras Voces\",\"description\":\"La radio comunitaria de Tierra del Fuego, Ant\u00e1rtida e Islas del Atl\u00e1ntico Sur\",\"publisher\":{\"@id\":\"https:\/\/fmnuestrasvoces.com.ar\/fmnv\/#organization\"},\"potentialAction\":[{\"@type\":\"SearchAction\",\"target\":{\"@type\":\"EntryPoint\",\"urlTemplate\":\"https:\/\/fmnuestrasvoces.com.ar\/fmnv\/?s={search_term_string}\"},\"query-input\":{\"@type\":\"PropertyValueSpecification\",\"valueRequired\":true,\"valueName\":\"search_term_string\"}}],\"inLanguage\":\"es\"},{\"@type\":\"Organization\",\"@id\":\"https:\/\/fmnuestrasvoces.com.ar\/fmnv\/#organization\",\"name\":\"FM Nuestras Voces\",\"url\":\"https:\/\/fmnuestrasvoces.com.ar\/fmnv\/\",\"logo\":{\"@type\":\"ImageObject\",\"inLanguage\":\"es\",\"@id\":\"https:\/\/fmnuestrasvoces.com.ar\/fmnv\/#\/schema\/logo\/image\/\",\"url\":\"https:\/\/fmnuestrasvoces.com.ar\/fmnv\/wp-content\/uploads\/2024\/02\/Logo-1.svg\",\"contentUrl\":\"https:\/\/fmnuestrasvoces.com.ar\/fmnv\/wp-content\/uploads\/2024\/02\/Logo-1.svg\",\"width\":864,\"height\":268,\"caption\":\"FM Nuestras Voces\"},\"image\":{\"@id\":\"https:\/\/fmnuestrasvoces.com.ar\/fmnv\/#\/schema\/logo\/image\/\"}},{\"@type\":\"Person\",\"@id\":\"https:\/\/fmnuestrasvoces.com.ar\/fmnv\/#\/schema\/person\/46c854550d525ce0ebcb057864474dfb\",\"name\":\"fmnv\",\"image\":{\"@type\":\"ImageObject\",\"inLanguage\":\"es\",\"@id\":\"https:\/\/fmnuestrasvoces.com.ar\/fmnv\/#\/schema\/person\/image\/\",\"url\":\"https:\/\/secure.gravatar.com\/avatar\/66e61dcdc70b762f1f37822f172abe7f31cbb438813bb6fc6bdb8022a5f9adbe?s=96&d=mm&r=g\",\"contentUrl\":\"https:\/\/secure.gravatar.com\/avatar\/66e61dcdc70b762f1f37822f172abe7f31cbb438813bb6fc6bdb8022a5f9adbe?s=96&d=mm&r=g\",\"caption\":\"fmnv\"},\"url\":\"https:\/\/fmnuestrasvoces.com.ar\/fmnv\/author\/fmnv2021\/\"}]}<\/script>\n<!-- \/ Yoast SEO plugin. -->","yoast_head_json":{"title":"Repudio a los actos de violencia durante la marcha del 8M en Ushuaia: \u201cNo permitiremos que la violencia machista nos amedrente\u201d - FM Nuestras Voces","robots":{"index":"index","follow":"follow","max-snippet":"max-snippet:-1","max-image-preview":"max-image-preview:large","max-video-preview":"max-video-preview:-1"},"canonical":"https:\/\/fmnuestrasvoces.com.ar\/fmnv\/repudio-a-los-actos-de-violencia-durante-la-marcha-del-8m-en-ushuaia-no-permitiremos-que-la-violencia-machista-nos-amedrente\/","og_locale":"es_ES","og_type":"article","og_title":"Repudio a los actos de violencia durante la marcha del 8M en Ushuaia: \u201cNo permitiremos que la violencia machista nos amedrente\u201d - FM Nuestras Voces","og_description":"El pasado s\u00e1bado, en el marco de la conmemoraci\u00f3n de un nuevo Paro Internacional de Mujeres y Disidencias, cientos de mujeres, disidencias y ni\u00f1eces marcharon desde el Superior Tribunal de Justicia hasta la Plaza C\u00edvica ante el avance de los discursos de odio, las pol\u00edticas de ajuste y el avasallamiento de derechos. Sin embargo, la [&hellip;]","og_url":"https:\/\/fmnuestrasvoces.com.ar\/fmnv\/repudio-a-los-actos-de-violencia-durante-la-marcha-del-8m-en-ushuaia-no-permitiremos-que-la-violencia-machista-nos-amedrente\/","og_site_name":"FM Nuestras Voces","article_published_time":"2025-03-10T20:38:05+00:00","article_modified_time":"2025-03-10T20:43:09+00:00","og_image":[{"width":1600,"height":1066,"url":"https:\/\/fmnuestrasvoces.com.ar\/fmnv\/wp-content\/uploads\/2025\/03\/7cb33ea2-dbff-4e69-b526-fdb77295ef5b.jpg","type":"image\/jpeg"}],"author":"fmnv","twitter_card":"summary_large_image","twitter_image":"https:\/\/i0.wp.com\/fmnuestrasvoces.com.ar\/fmnv\/wp-content\/uploads\/2025\/03\/Portada.jpg?fit=1860%2C1046&ssl=1","twitter_misc":{"Escrito por":"fmnv","Tiempo de lectura":"3 minutos"},"schema":{"@context":"https:\/\/schema.org","@graph":[{"@type":"Article","@id":"https:\/\/fmnuestrasvoces.com.ar\/fmnv\/repudio-a-los-actos-de-violencia-durante-la-marcha-del-8m-en-ushuaia-no-permitiremos-que-la-violencia-machista-nos-amedrente\/#article","isPartOf":{"@id":"https:\/\/fmnuestrasvoces.com.ar\/fmnv\/repudio-a-los-actos-de-violencia-durante-la-marcha-del-8m-en-ushuaia-no-permitiremos-que-la-violencia-machista-nos-amedrente\/"},"author":{"name":"fmnv","@id":"https:\/\/fmnuestrasvoces.com.ar\/fmnv\/#\/schema\/person\/46c854550d525ce0ebcb057864474dfb"},"headline":"Repudio a los actos de violencia durante la marcha del 8M en Ushuaia: \u201cNo permitiremos que la violencia machista nos amedrente\u201d","datePublished":"2025-03-10T20:38:05+00:00","dateModified":"2025-03-10T20:43:09+00:00","mainEntityOfPage":{"@id":"https:\/\/fmnuestrasvoces.com.ar\/fmnv\/repudio-a-los-actos-de-violencia-durante-la-marcha-del-8m-en-ushuaia-no-permitiremos-que-la-violencia-machista-nos-amedrente\/"},"wordCount":526,"publisher":{"@id":"https:\/\/fmnuestrasvoces.com.ar\/fmnv\/#organization"},"image":{"@id":"https:\/\/fmnuestrasvoces.com.ar\/fmnv\/repudio-a-los-actos-de-violencia-durante-la-marcha-del-8m-en-ushuaia-no-permitiremos-que-la-violencia-machista-nos-amedrente\/#primaryimage"},"thumbnailUrl":"https:\/\/i0.wp.com\/fmnuestrasvoces.com.ar\/fmnv\/wp-content\/uploads\/2025\/03\/Portada.jpg?fit=1860%2C1046&ssl=1","articleSection":["Noticias"],"inLanguage":"es"},{"@type":"WebPage","@id":"https:\/\/fmnuestrasvoces.com.ar\/fmnv\/repudio-a-los-actos-de-violencia-durante-la-marcha-del-8m-en-ushuaia-no-permitiremos-que-la-violencia-machista-nos-amedrente\/","url":"https:\/\/fmnuestrasvoces.com.ar\/fmnv\/repudio-a-los-actos-de-violencia-durante-la-marcha-del-8m-en-ushuaia-no-permitiremos-que-la-violencia-machista-nos-amedrente\/","name":"Repudio a los actos de violencia durante la marcha del 8M en Ushuaia: \u201cNo permitiremos que la violencia machista nos amedrente\u201d - FM Nuestras Voces","isPartOf":{"@id":"https:\/\/fmnuestrasvoces.com.ar\/fmnv\/#website"},"primaryImageOfPage":{"@id":"https:\/\/fmnuestrasvoces.com.ar\/fmnv\/repudio-a-los-actos-de-violencia-durante-la-marcha-del-8m-en-ushuaia-no-permitiremos-que-la-violencia-machista-nos-amedrente\/#primaryimage"},"image":{"@id":"https:\/\/fmnuestrasvoces.com.ar\/fmnv\/repudio-a-los-actos-de-violencia-durante-la-marcha-del-8m-en-ushuaia-no-permitiremos-que-la-violencia-machista-nos-amedrente\/#primaryimage"},"thumbnailUrl":"https:\/\/i0.wp.com\/fmnuestrasvoces.com.ar\/fmnv\/wp-content\/uploads\/2025\/03\/Portada.jpg?fit=1860%2C1046&ssl=1","datePublished":"2025-03-10T20:38:05+00:00","dateModified":"2025-03-10T20:43:09+00:00","breadcrumb":{"@id":"https:\/\/fmnuestrasvoces.com.ar\/fmnv\/repudio-a-los-actos-de-violencia-durante-la-marcha-del-8m-en-ushuaia-no-permitiremos-que-la-violencia-machista-nos-amedrente\/#breadcrumb"},"inLanguage":"es","potentialAction":[{"@type":"ReadAction","target":["https:\/\/fmnuestrasvoces.com.ar\/fmnv\/repudio-a-los-actos-de-violencia-durante-la-marcha-del-8m-en-ushuaia-no-permitiremos-que-la-violencia-machista-nos-amedrente\/"]}]},{"@type":"ImageObject","inLanguage":"es","@id":"https:\/\/fmnuestrasvoces.com.ar\/fmnv\/repudio-a-los-actos-de-violencia-durante-la-marcha-del-8m-en-ushuaia-no-permitiremos-que-la-violencia-machista-nos-amedrente\/#primaryimage","url":"https:\/\/i0.wp.com\/fmnuestrasvoces.com.ar\/fmnv\/wp-content\/uploads\/2025\/03\/Portada.jpg?fit=1860%2C1046&ssl=1","contentUrl":"https:\/\/i0.wp.com\/fmnuestrasvoces.com.ar\/fmnv\/wp-content\/uploads\/2025\/03\/Portada.jpg?fit=1860%2C1046&ssl=1","width":1860,"height":1046},{"@type":"BreadcrumbList","@id":"https:\/\/fmnuestrasvoces.com.ar\/fmnv\/repudio-a-los-actos-de-violencia-durante-la-marcha-del-8m-en-ushuaia-no-permitiremos-que-la-violencia-machista-nos-amedrente\/#breadcrumb","itemListElement":[{"@type":"ListItem","position":1,"name":"Portada","item":"https:\/\/fmnuestrasvoces.com.ar\/fmnv\/"},{"@type":"ListItem","position":2,"name":"Repudio a los actos de violencia durante la marcha del 8M en Ushuaia: \u201cNo permitiremos que la violencia machista nos amedrente\u201d"}]},{"@type":"WebSite","@id":"https:\/\/fmnuestrasvoces.com.ar\/fmnv\/#website","url":"https:\/\/fmnuestrasvoces.com.ar\/fmnv\/","name":"FM Nuestras Voces","description":"La radio comunitaria de Tierra del Fuego, Ant\u00e1rtida e Islas del Atl\u00e1ntico Sur","publisher":{"@id":"https:\/\/fmnuestrasvoces.com.ar\/fmnv\/#organization"},"potentialAction":[{"@type":"SearchAction","target":{"@type":"EntryPoint","urlTemplate":"https:\/\/fmnuestrasvoces.com.ar\/fmnv\/?s={search_term_string}"},"query-input":{"@type":"PropertyValueSpecification","valueRequired":true,"valueName":"search_term_string"}}],"inLanguage":"es"},{"@type":"Organization","@id":"https:\/\/fmnuestrasvoces.com.ar\/fmnv\/#organization","name":"FM Nuestras Voces","url":"https:\/\/fmnuestrasvoces.com.ar\/fmnv\/","logo":{"@type":"ImageObject","inLanguage":"es","@id":"https:\/\/fmnuestrasvoces.com.ar\/fmnv\/#\/schema\/logo\/image\/","url":"https:\/\/fmnuestrasvoces.com.ar\/fmnv\/wp-content\/uploads\/2024\/02\/Logo-1.svg","contentUrl":"https:\/\/fmnuestrasvoces.com.ar\/fmnv\/wp-content\/uploads\/2024\/02\/Logo-1.svg","width":864,"height":268,"caption":"FM Nuestras Voces"},"image":{"@id":"https:\/\/fmnuestrasvoces.com.ar\/fmnv\/#\/schema\/logo\/image\/"}},{"@type":"Person","@id":"https:\/\/fmnuestrasvoces.com.ar\/fmnv\/#\/schema\/person\/46c854550d525ce0ebcb057864474dfb","name":"fmnv","image":{"@type":"ImageObject","inLanguage":"es","@id":"https:\/\/fmnuestrasvoces.com.ar\/fmnv\/#\/schema\/person\/image\/","url":"https:\/\/secure.gravatar.com\/avatar\/66e61dcdc70b762f1f37822f172abe7f31cbb438813bb6fc6bdb8022a5f9adbe?s=96&d=mm&r=g","contentUrl":"https:\/\/secure.gravatar.com\/avatar\/66e61dcdc70b762f1f37822f172abe7f31cbb438813bb6fc6bdb8022a5f9adbe?s=96&d=mm&r=g","caption":"fmnv"},"url":"https:\/\/fmnuestrasvoces.com.ar\/fmnv\/author\/fmnv2021\/"}]}},"jetpack_featured_media_url":"https:\/\/i0.wp.com\/fmnuestrasvoces.com.ar\/fmnv\/wp-content\/uploads\/2025\/03\/Portada.jpg?fit=1860%2C1046&ssl=1","jetpack_shortlink":"https:\/\/wp.me\/pfy0zr-1zm","jetpack_sharing_enabled":true,"_links":{"self":[{"href":"https:\/\/fmnuestrasvoces.com.ar\/fmnv\/wp-json\/wp\/v2\/posts\/6036","targetHints":{"allow":["GET"]}}],"collection":[{"href":"https:\/\/fmnuestrasvoces.com.ar\/fmnv\/wp-json\/wp\/v2\/posts"}],"about":[{"href":"https:\/\/fmnuestrasvoces.com.ar\/fmnv\/wp-json\/wp\/v2\/types\/post"}],"author":[{"embeddable":true,"href":"https:\/\/fmnuestrasvoces.com.ar\/fmnv\/wp-json\/wp\/v2\/users\/2"}],"replies":[{"embeddable":true,"href":"https:\/\/fmnuestrasvoces.com.ar\/fmnv\/wp-json\/wp\/v2\/comments?post=6036"}],"version-history":[{"count":3,"href":"https:\/\/fmnuestrasvoces.com.ar\/fmnv\/wp-json\/wp\/v2\/posts\/6036\/revisions"}],"predecessor-version":[{"id":6041,"href":"https:\/\/fmnuestrasvoces.com.ar\/fmnv\/wp-json\/wp\/v2\/posts\/6036\/revisions\/6041"}],"wp:featuredmedia":[{"embeddable":true,"href":"https:\/\/fmnuestrasvoces.com.ar\/fmnv\/wp-json\/wp\/v2\/media\/6040"}],"wp:attachment":[{"href":"https:\/\/fmnuestrasvoces.com.ar\/fmnv\/wp-json\/wp\/v2\/media?parent=6036"}],"wp:term":[{"taxonomy":"category","embeddable":true,"href":"https:\/\/fmnuestrasvoces.com.ar\/fmnv\/wp-json\/wp\/v2\/categories?post=6036"},{"taxonomy":"post_tag","embeddable":true,"href":"https:\/\/fmnuestrasvoces.com.ar\/fmnv\/wp-json\/wp\/v2\/tags?post=6036"}],"curies":[{"name":"wp","href":"https:\/\/api.w.org\/{rel}","templated":true}]}}