{"id":6109,"date":"2025-04-22T14:45:20","date_gmt":"2025-04-22T17:45:20","guid":{"rendered":"https:\/\/fmnuestrasvoces.com.ar\/fmnv\/?p=6109"},"modified":"2025-04-22T14:50:52","modified_gmt":"2025-04-22T17:50:52","slug":"convocatoria-uomrg","status":"publish","type":"post","link":"https:\/\/fmnuestrasvoces.com.ar\/fmnv\/convocatoria-uomrg\/","title":{"rendered":"La UOM R\u00edo Grande convoca a defender del r\u00e9gimen de promoci\u00f3n industrial fueguino"},"content":{"rendered":"<p>En una entrevista con Tripulantes de la Ma\u00f1ana, Oscar Mart\u00ednez, secretario general de la Uni\u00f3n Obrera Metal\u00fargica (UOM) Seccional R\u00edo Grande, alert\u00f3 sobre el riesgo que representa el acuerdo entre el Gobierno Nacional y el Fondo Monetario Internacional (FMI) para la continuidad de la Ley Nro. 19.640, r\u00e9gimen de promoci\u00f3n industrial vital para Tierra del Fuego, Ant\u00e1rtida e Islas del Atl\u00e1ntico Sur. En ese sentido, anunci\u00f3 una serie de medidas que iniciaran con la presentaci\u00f3n de un manifiesto p\u00fablico y una movilizaci\u00f3n el pr\u00f3ximo 7 de mayo.<\/p>\n<p><strong>Un acuerdo \u00aboculto\u00bb y la sombra del FMI<\/strong><br \/>\nMart\u00ednez denunci\u00f3 que solo se han difundido 43 p\u00e1ginas de las 800 que conforman el acuerdo con el FMI, lo que genera \u00abincertidumbre y desconfianza\u00bb. El dirigente explic\u00f3 que el documento incluir\u00eda exigencias para reformas laborales y previsionales que afectar\u00edan directamente a las trabajadoras y trabajadores de la provincia. \u00abEs un ataque a la industria nacional, como en los 90 con Menem o en 2015-2019 con Macri\u00bb, compar\u00f3.<\/p>\n<p><strong>Acciones concretas: manifiesto y movilizaci\u00f3n<\/strong><br \/>\nLa UOM, junto a otras organizaciones, elaborar\u00e1 un \u00abManifiesto en defensa del derecho soberano a habitar Tierra del Fuego AeIAS\u00bb, que se har\u00e1 p\u00fablico el 26 de abril, en el 35\u00b0 aniversario de la ley. Adem\u00e1s, convoc\u00f3 a una movilizaci\u00f3n el 7 de mayo a las 18:00 en R\u00edo Grande, buscando sumar a gremios, sectores pol\u00edticos y sociales. \u00abNo basta con documentos; hay que poner el cuerpo\u00bb, afirm\u00f3 Mart\u00ednez.<\/p>\n<p><a href=\"https:\/\/i0.wp.com\/fmnuestrasvoces.com.ar\/fmnv\/wp-content\/uploads\/2025\/04\/multimedia.grande.86c5f97a5f3dc234.6772616e64652e6a7067.jpg?ssl=1\"><img data-recalc-dims=\"1\" fetchpriority=\"high\" decoding=\"async\" class=\"alignnone size-full wp-image-6111\" src=\"https:\/\/i0.wp.com\/fmnuestrasvoces.com.ar\/fmnv\/wp-content\/uploads\/2025\/04\/multimedia.grande.86c5f97a5f3dc234.6772616e64652e6a7067.jpg?resize=1170%2C687&#038;ssl=1\" alt=\"\" width=\"1170\" height=\"687\" srcset=\"https:\/\/i0.wp.com\/fmnuestrasvoces.com.ar\/fmnv\/wp-content\/uploads\/2025\/04\/multimedia.grande.86c5f97a5f3dc234.6772616e64652e6a7067.jpg?w=1619&amp;ssl=1 1619w, https:\/\/i0.wp.com\/fmnuestrasvoces.com.ar\/fmnv\/wp-content\/uploads\/2025\/04\/multimedia.grande.86c5f97a5f3dc234.6772616e64652e6a7067.jpg?resize=300%2C176&amp;ssl=1 300w, https:\/\/i0.wp.com\/fmnuestrasvoces.com.ar\/fmnv\/wp-content\/uploads\/2025\/04\/multimedia.grande.86c5f97a5f3dc234.6772616e64652e6a7067.jpg?resize=1024%2C601&amp;ssl=1 1024w, https:\/\/i0.wp.com\/fmnuestrasvoces.com.ar\/fmnv\/wp-content\/uploads\/2025\/04\/multimedia.grande.86c5f97a5f3dc234.6772616e64652e6a7067.jpg?resize=768%2C451&amp;ssl=1 768w, https:\/\/i0.wp.com\/fmnuestrasvoces.com.ar\/fmnv\/wp-content\/uploads\/2025\/04\/multimedia.grande.86c5f97a5f3dc234.6772616e64652e6a7067.jpg?resize=1536%2C901&amp;ssl=1 1536w\" sizes=\"(max-width: 1170px) 100vw, 1170px\" \/><\/a><\/p>\n<p>&nbsp;<\/p>\n<p><strong>Cr\u00edticas al Gobierno y al Congreso<\/strong><br \/>\nEl secretario general cuestion\u00f3 al presidente Javier Milei por su \u00abincoherencia\u00bb al negociar con el FMI despu\u00e9s de haberlo criticado, y a los diputados que avalaron el acuerdo \u00absin conocer su contenido\u00bb. Tambi\u00e9n responsabiliz\u00f3 a los medios por \u00abocultar\u00bb los reclamos sociales: \u00abMientras hablan de la vida privada del Presidente, la gente sufre desocupaci\u00f3n y p\u00e9rdida de derechos\u00bb.<\/p>\n<p><strong>Tierra del Fuego AeIAS bajo amenaza<\/strong><br \/>\nMart\u00ednez record\u00f3 que la provincia ya enfrent\u00f3 crisis similares en d\u00e9cadas pasadas, con cierres de f\u00e1bricas y despidos masivos. Hoy, se\u00f1al\u00f3, el sector textil y otras industrias locales est\u00e1n \u00abterriblemente golpeadas\u00bb. \u00abEsto no es solo por empleos: es por soberan\u00eda, recursos naturales y el futuro de nuestras familias\u00bb, remarc\u00f3.<\/p>\n<p><strong>Coordinaci\u00f3n con la CGT y pr\u00f3ximos pasos<\/strong><br \/>\nLa UOM R\u00edo Grande trabaja para ampliar el reclamo y planea sumar m\u00e1s acciones tras la movilizaci\u00f3n. \u00abSeguiremos insistiendo, aunque al principio seamos pocos. La lucha es por la continuidad de nuestra provincia\u00bb, concluy\u00f3.<\/p>\n","protected":false},"excerpt":{"rendered":"<p>En una entrevista con Tripulantes de la Ma\u00f1ana, Oscar Mart\u00ednez, secretario general de la Uni\u00f3n Obrera Metal\u00fargica (UOM) Seccional R\u00edo Grande, alert\u00f3 sobre el riesgo que representa el acuerdo entre el Gobierno Nacional y el Fondo Monetario Internacional (FMI) para la continuidad de la Ley Nro. 19.640, r\u00e9gimen de promoci\u00f3n industrial vital para Tierra del [&hellip;]<\/p>\n","protected":false},"author":2,"featured_media":6110,"comment_status":"closed","ping_status":"open","sticky":false,"template":"","format":"standard","meta":{"_jetpack_memberships_contains_paid_content":false,"footnotes":""},"categories":[83],"tags":[],"class_list":["post-6109","post","type-post","status-publish","format-standard","has-post-thumbnail","hentry","category-noticias"],"yoast_head":"<!-- This site is optimized with the Yoast SEO plugin v25.6 - https:\/\/yoast.com\/wordpress\/plugins\/seo\/ -->\n<title>La UOM R\u00edo Grande convoca a defender del r\u00e9gimen de promoci\u00f3n industrial fueguino - FM Nuestras Voces<\/title>\n<meta name=\"robots\" content=\"index, follow, max-snippet:-1, max-image-preview:large, max-video-preview:-1\" \/>\n<link rel=\"canonical\" href=\"https:\/\/fmnuestrasvoces.com.ar\/fmnv\/convocatoria-uomrg\/\" \/>\n<meta property=\"og:locale\" content=\"es_ES\" \/>\n<meta property=\"og:type\" content=\"article\" \/>\n<meta property=\"og:title\" content=\"La UOM R\u00edo Grande convoca a defender del r\u00e9gimen de promoci\u00f3n industrial fueguino - FM Nuestras Voces\" \/>\n<meta property=\"og:description\" content=\"En una entrevista con Tripulantes de la Ma\u00f1ana, Oscar Mart\u00ednez, secretario general de la Uni\u00f3n Obrera Metal\u00fargica (UOM) Seccional R\u00edo Grande, alert\u00f3 sobre el riesgo que representa el acuerdo entre el Gobierno Nacional y el Fondo Monetario Internacional (FMI) para la continuidad de la Ley Nro. 19.640, r\u00e9gimen de promoci\u00f3n industrial vital para Tierra del [&hellip;]\" \/>\n<meta property=\"og:url\" content=\"https:\/\/fmnuestrasvoces.com.ar\/fmnv\/convocatoria-uomrg\/\" \/>\n<meta property=\"og:site_name\" content=\"FM Nuestras Voces\" \/>\n<meta property=\"article:published_time\" content=\"2025-04-22T17:45:20+00:00\" \/>\n<meta property=\"article:modified_time\" content=\"2025-04-22T17:50:52+00:00\" \/>\n<meta property=\"og:image\" content=\"https:\/\/fmnuestrasvoces.com.ar\/fmnv\/wp-content\/uploads\/2025\/04\/multimedia.grande.86c5f97a5f3dc234.6772616e64652e6a7067.jpg\" \/>\n\t<meta property=\"og:image:width\" content=\"1619\" \/>\n\t<meta property=\"og:image:height\" content=\"950\" \/>\n\t<meta property=\"og:image:type\" content=\"image\/jpeg\" \/>\n<meta name=\"author\" content=\"fmnv\" \/>\n<meta name=\"twitter:card\" content=\"summary_large_image\" \/>\n<meta name=\"twitter:label1\" content=\"Escrito por\" \/>\n\t<meta name=\"twitter:data1\" content=\"fmnv\" \/>\n\t<meta name=\"twitter:label2\" content=\"Tiempo de lectura\" \/>\n\t<meta name=\"twitter:data2\" content=\"3 minutos\" \/>\n<script type=\"application\/ld+json\" class=\"yoast-schema-graph\">{\"@context\":\"https:\/\/schema.org\",\"@graph\":[{\"@type\":\"Article\",\"@id\":\"https:\/\/fmnuestrasvoces.com.ar\/fmnv\/convocatoria-uomrg\/#article\",\"isPartOf\":{\"@id\":\"https:\/\/fmnuestrasvoces.com.ar\/fmnv\/convocatoria-uomrg\/\"},\"author\":{\"name\":\"fmnv\",\"@id\":\"https:\/\/fmnuestrasvoces.com.ar\/fmnv\/#\/schema\/person\/46c854550d525ce0ebcb057864474dfb\"},\"headline\":\"La UOM R\u00edo Grande convoca a defender del r\u00e9gimen de promoci\u00f3n industrial fueguino\",\"datePublished\":\"2025-04-22T17:45:20+00:00\",\"dateModified\":\"2025-04-22T17:50:52+00:00\",\"mainEntityOfPage\":{\"@id\":\"https:\/\/fmnuestrasvoces.com.ar\/fmnv\/convocatoria-uomrg\/\"},\"wordCount\":445,\"publisher\":{\"@id\":\"https:\/\/fmnuestrasvoces.com.ar\/fmnv\/#organization\"},\"image\":{\"@id\":\"https:\/\/fmnuestrasvoces.com.ar\/fmnv\/convocatoria-uomrg\/#primaryimage\"},\"thumbnailUrl\":\"https:\/\/i0.wp.com\/fmnuestrasvoces.com.ar\/fmnv\/wp-content\/uploads\/2025\/04\/Portada.jpg?fit=1860%2C1046&ssl=1\",\"articleSection\":[\"Noticias\"],\"inLanguage\":\"es\"},{\"@type\":\"WebPage\",\"@id\":\"https:\/\/fmnuestrasvoces.com.ar\/fmnv\/convocatoria-uomrg\/\",\"url\":\"https:\/\/fmnuestrasvoces.com.ar\/fmnv\/convocatoria-uomrg\/\",\"name\":\"La UOM R\u00edo Grande convoca a defender del r\u00e9gimen de promoci\u00f3n industrial fueguino - FM Nuestras Voces\",\"isPartOf\":{\"@id\":\"https:\/\/fmnuestrasvoces.com.ar\/fmnv\/#website\"},\"primaryImageOfPage\":{\"@id\":\"https:\/\/fmnuestrasvoces.com.ar\/fmnv\/convocatoria-uomrg\/#primaryimage\"},\"image\":{\"@id\":\"https:\/\/fmnuestrasvoces.com.ar\/fmnv\/convocatoria-uomrg\/#primaryimage\"},\"thumbnailUrl\":\"https:\/\/i0.wp.com\/fmnuestrasvoces.com.ar\/fmnv\/wp-content\/uploads\/2025\/04\/Portada.jpg?fit=1860%2C1046&ssl=1\",\"datePublished\":\"2025-04-22T17:45:20+00:00\",\"dateModified\":\"2025-04-22T17:50:52+00:00\",\"breadcrumb\":{\"@id\":\"https:\/\/fmnuestrasvoces.com.ar\/fmnv\/convocatoria-uomrg\/#breadcrumb\"},\"inLanguage\":\"es\",\"potentialAction\":[{\"@type\":\"ReadAction\",\"target\":[\"https:\/\/fmnuestrasvoces.com.ar\/fmnv\/convocatoria-uomrg\/\"]}]},{\"@type\":\"ImageObject\",\"inLanguage\":\"es\",\"@id\":\"https:\/\/fmnuestrasvoces.com.ar\/fmnv\/convocatoria-uomrg\/#primaryimage\",\"url\":\"https:\/\/i0.wp.com\/fmnuestrasvoces.com.ar\/fmnv\/wp-content\/uploads\/2025\/04\/Portada.jpg?fit=1860%2C1046&ssl=1\",\"contentUrl\":\"https:\/\/i0.wp.com\/fmnuestrasvoces.com.ar\/fmnv\/wp-content\/uploads\/2025\/04\/Portada.jpg?fit=1860%2C1046&ssl=1\",\"width\":1860,\"height\":1046},{\"@type\":\"BreadcrumbList\",\"@id\":\"https:\/\/fmnuestrasvoces.com.ar\/fmnv\/convocatoria-uomrg\/#breadcrumb\",\"itemListElement\":[{\"@type\":\"ListItem\",\"position\":1,\"name\":\"Portada\",\"item\":\"https:\/\/fmnuestrasvoces.com.ar\/fmnv\/\"},{\"@type\":\"ListItem\",\"position\":2,\"name\":\"La UOM R\u00edo Grande convoca a defender del r\u00e9gimen de promoci\u00f3n industrial fueguino\"}]},{\"@type\":\"WebSite\",\"@id\":\"https:\/\/fmnuestrasvoces.com.ar\/fmnv\/#website\",\"url\":\"https:\/\/fmnuestrasvoces.com.ar\/fmnv\/\",\"name\":\"FM Nuestras Voces\",\"description\":\"La radio comunitaria de Tierra del Fuego, Ant\u00e1rtida e Islas del Atl\u00e1ntico Sur\",\"publisher\":{\"@id\":\"https:\/\/fmnuestrasvoces.com.ar\/fmnv\/#organization\"},\"potentialAction\":[{\"@type\":\"SearchAction\",\"target\":{\"@type\":\"EntryPoint\",\"urlTemplate\":\"https:\/\/fmnuestrasvoces.com.ar\/fmnv\/?s={search_term_string}\"},\"query-input\":{\"@type\":\"PropertyValueSpecification\",\"valueRequired\":true,\"valueName\":\"search_term_string\"}}],\"inLanguage\":\"es\"},{\"@type\":\"Organization\",\"@id\":\"https:\/\/fmnuestrasvoces.com.ar\/fmnv\/#organization\",\"name\":\"FM Nuestras Voces\",\"url\":\"https:\/\/fmnuestrasvoces.com.ar\/fmnv\/\",\"logo\":{\"@type\":\"ImageObject\",\"inLanguage\":\"es\",\"@id\":\"https:\/\/fmnuestrasvoces.com.ar\/fmnv\/#\/schema\/logo\/image\/\",\"url\":\"https:\/\/fmnuestrasvoces.com.ar\/fmnv\/wp-content\/uploads\/2024\/02\/Logo-1.svg\",\"contentUrl\":\"https:\/\/fmnuestrasvoces.com.ar\/fmnv\/wp-content\/uploads\/2024\/02\/Logo-1.svg\",\"width\":864,\"height\":268,\"caption\":\"FM Nuestras Voces\"},\"image\":{\"@id\":\"https:\/\/fmnuestrasvoces.com.ar\/fmnv\/#\/schema\/logo\/image\/\"}},{\"@type\":\"Person\",\"@id\":\"https:\/\/fmnuestrasvoces.com.ar\/fmnv\/#\/schema\/person\/46c854550d525ce0ebcb057864474dfb\",\"name\":\"fmnv\",\"image\":{\"@type\":\"ImageObject\",\"inLanguage\":\"es\",\"@id\":\"https:\/\/fmnuestrasvoces.com.ar\/fmnv\/#\/schema\/person\/image\/\",\"url\":\"https:\/\/secure.gravatar.com\/avatar\/66e61dcdc70b762f1f37822f172abe7f31cbb438813bb6fc6bdb8022a5f9adbe?s=96&d=mm&r=g\",\"contentUrl\":\"https:\/\/secure.gravatar.com\/avatar\/66e61dcdc70b762f1f37822f172abe7f31cbb438813bb6fc6bdb8022a5f9adbe?s=96&d=mm&r=g\",\"caption\":\"fmnv\"},\"url\":\"https:\/\/fmnuestrasvoces.com.ar\/fmnv\/author\/fmnv2021\/\"}]}<\/script>\n<!-- \/ Yoast SEO plugin. -->","yoast_head_json":{"title":"La UOM R\u00edo Grande convoca a defender del r\u00e9gimen de promoci\u00f3n industrial fueguino - FM Nuestras Voces","robots":{"index":"index","follow":"follow","max-snippet":"max-snippet:-1","max-image-preview":"max-image-preview:large","max-video-preview":"max-video-preview:-1"},"canonical":"https:\/\/fmnuestrasvoces.com.ar\/fmnv\/convocatoria-uomrg\/","og_locale":"es_ES","og_type":"article","og_title":"La UOM R\u00edo Grande convoca a defender del r\u00e9gimen de promoci\u00f3n industrial fueguino - FM Nuestras Voces","og_description":"En una entrevista con Tripulantes de la Ma\u00f1ana, Oscar Mart\u00ednez, secretario general de la Uni\u00f3n Obrera Metal\u00fargica (UOM) Seccional R\u00edo Grande, alert\u00f3 sobre el riesgo que representa el acuerdo entre el Gobierno Nacional y el Fondo Monetario Internacional (FMI) para la continuidad de la Ley Nro. 19.640, r\u00e9gimen de promoci\u00f3n industrial vital para Tierra del [&hellip;]","og_url":"https:\/\/fmnuestrasvoces.com.ar\/fmnv\/convocatoria-uomrg\/","og_site_name":"FM Nuestras Voces","article_published_time":"2025-04-22T17:45:20+00:00","article_modified_time":"2025-04-22T17:50:52+00:00","og_image":[{"width":1619,"height":950,"url":"https:\/\/fmnuestrasvoces.com.ar\/fmnv\/wp-content\/uploads\/2025\/04\/multimedia.grande.86c5f97a5f3dc234.6772616e64652e6a7067.jpg","type":"image\/jpeg"}],"author":"fmnv","twitter_card":"summary_large_image","twitter_misc":{"Escrito por":"fmnv","Tiempo de lectura":"3 minutos"},"schema":{"@context":"https:\/\/schema.org","@graph":[{"@type":"Article","@id":"https:\/\/fmnuestrasvoces.com.ar\/fmnv\/convocatoria-uomrg\/#article","isPartOf":{"@id":"https:\/\/fmnuestrasvoces.com.ar\/fmnv\/convocatoria-uomrg\/"},"author":{"name":"fmnv","@id":"https:\/\/fmnuestrasvoces.com.ar\/fmnv\/#\/schema\/person\/46c854550d525ce0ebcb057864474dfb"},"headline":"La UOM R\u00edo Grande convoca a defender del r\u00e9gimen de promoci\u00f3n industrial fueguino","datePublished":"2025-04-22T17:45:20+00:00","dateModified":"2025-04-22T17:50:52+00:00","mainEntityOfPage":{"@id":"https:\/\/fmnuestrasvoces.com.ar\/fmnv\/convocatoria-uomrg\/"},"wordCount":445,"publisher":{"@id":"https:\/\/fmnuestrasvoces.com.ar\/fmnv\/#organization"},"image":{"@id":"https:\/\/fmnuestrasvoces.com.ar\/fmnv\/convocatoria-uomrg\/#primaryimage"},"thumbnailUrl":"https:\/\/i0.wp.com\/fmnuestrasvoces.com.ar\/fmnv\/wp-content\/uploads\/2025\/04\/Portada.jpg?fit=1860%2C1046&ssl=1","articleSection":["Noticias"],"inLanguage":"es"},{"@type":"WebPage","@id":"https:\/\/fmnuestrasvoces.com.ar\/fmnv\/convocatoria-uomrg\/","url":"https:\/\/fmnuestrasvoces.com.ar\/fmnv\/convocatoria-uomrg\/","name":"La UOM R\u00edo Grande convoca a defender del r\u00e9gimen de promoci\u00f3n industrial fueguino - FM Nuestras Voces","isPartOf":{"@id":"https:\/\/fmnuestrasvoces.com.ar\/fmnv\/#website"},"primaryImageOfPage":{"@id":"https:\/\/fmnuestrasvoces.com.ar\/fmnv\/convocatoria-uomrg\/#primaryimage"},"image":{"@id":"https:\/\/fmnuestrasvoces.com.ar\/fmnv\/convocatoria-uomrg\/#primaryimage"},"thumbnailUrl":"https:\/\/i0.wp.com\/fmnuestrasvoces.com.ar\/fmnv\/wp-content\/uploads\/2025\/04\/Portada.jpg?fit=1860%2C1046&ssl=1","datePublished":"2025-04-22T17:45:20+00:00","dateModified":"2025-04-22T17:50:52+00:00","breadcrumb":{"@id":"https:\/\/fmnuestrasvoces.com.ar\/fmnv\/convocatoria-uomrg\/#breadcrumb"},"inLanguage":"es","potentialAction":[{"@type":"ReadAction","target":["https:\/\/fmnuestrasvoces.com.ar\/fmnv\/convocatoria-uomrg\/"]}]},{"@type":"ImageObject","inLanguage":"es","@id":"https:\/\/fmnuestrasvoces.com.ar\/fmnv\/convocatoria-uomrg\/#primaryimage","url":"https:\/\/i0.wp.com\/fmnuestrasvoces.com.ar\/fmnv\/wp-content\/uploads\/2025\/04\/Portada.jpg?fit=1860%2C1046&ssl=1","contentUrl":"https:\/\/i0.wp.com\/fmnuestrasvoces.com.ar\/fmnv\/wp-content\/uploads\/2025\/04\/Portada.jpg?fit=1860%2C1046&ssl=1","width":1860,"height":1046},{"@type":"BreadcrumbList","@id":"https:\/\/fmnuestrasvoces.com.ar\/fmnv\/convocatoria-uomrg\/#breadcrumb","itemListElement":[{"@type":"ListItem","position":1,"name":"Portada","item":"https:\/\/fmnuestrasvoces.com.ar\/fmnv\/"},{"@type":"ListItem","position":2,"name":"La UOM R\u00edo Grande convoca a defender del r\u00e9gimen de promoci\u00f3n industrial fueguino"}]},{"@type":"WebSite","@id":"https:\/\/fmnuestrasvoces.com.ar\/fmnv\/#website","url":"https:\/\/fmnuestrasvoces.com.ar\/fmnv\/","name":"FM Nuestras Voces","description":"La radio comunitaria de Tierra del Fuego, Ant\u00e1rtida e Islas del Atl\u00e1ntico Sur","publisher":{"@id":"https:\/\/fmnuestrasvoces.com.ar\/fmnv\/#organization"},"potentialAction":[{"@type":"SearchAction","target":{"@type":"EntryPoint","urlTemplate":"https:\/\/fmnuestrasvoces.com.ar\/fmnv\/?s={search_term_string}"},"query-input":{"@type":"PropertyValueSpecification","valueRequired":true,"valueName":"search_term_string"}}],"inLanguage":"es"},{"@type":"Organization","@id":"https:\/\/fmnuestrasvoces.com.ar\/fmnv\/#organization","name":"FM Nuestras Voces","url":"https:\/\/fmnuestrasvoces.com.ar\/fmnv\/","logo":{"@type":"ImageObject","inLanguage":"es","@id":"https:\/\/fmnuestrasvoces.com.ar\/fmnv\/#\/schema\/logo\/image\/","url":"https:\/\/fmnuestrasvoces.com.ar\/fmnv\/wp-content\/uploads\/2024\/02\/Logo-1.svg","contentUrl":"https:\/\/fmnuestrasvoces.com.ar\/fmnv\/wp-content\/uploads\/2024\/02\/Logo-1.svg","width":864,"height":268,"caption":"FM Nuestras Voces"},"image":{"@id":"https:\/\/fmnuestrasvoces.com.ar\/fmnv\/#\/schema\/logo\/image\/"}},{"@type":"Person","@id":"https:\/\/fmnuestrasvoces.com.ar\/fmnv\/#\/schema\/person\/46c854550d525ce0ebcb057864474dfb","name":"fmnv","image":{"@type":"ImageObject","inLanguage":"es","@id":"https:\/\/fmnuestrasvoces.com.ar\/fmnv\/#\/schema\/person\/image\/","url":"https:\/\/secure.gravatar.com\/avatar\/66e61dcdc70b762f1f37822f172abe7f31cbb438813bb6fc6bdb8022a5f9adbe?s=96&d=mm&r=g","contentUrl":"https:\/\/secure.gravatar.com\/avatar\/66e61dcdc70b762f1f37822f172abe7f31cbb438813bb6fc6bdb8022a5f9adbe?s=96&d=mm&r=g","caption":"fmnv"},"url":"https:\/\/fmnuestrasvoces.com.ar\/fmnv\/author\/fmnv2021\/"}]}},"jetpack_featured_media_url":"https:\/\/i0.wp.com\/fmnuestrasvoces.com.ar\/fmnv\/wp-content\/uploads\/2025\/04\/Portada.jpg?fit=1860%2C1046&ssl=1","jetpack_shortlink":"https:\/\/wp.me\/pfy0zr-1Ax","jetpack_sharing_enabled":true,"_links":{"self":[{"href":"https:\/\/fmnuestrasvoces.com.ar\/fmnv\/wp-json\/wp\/v2\/posts\/6109","targetHints":{"allow":["GET"]}}],"collection":[{"href":"https:\/\/fmnuestrasvoces.com.ar\/fmnv\/wp-json\/wp\/v2\/posts"}],"about":[{"href":"https:\/\/fmnuestrasvoces.com.ar\/fmnv\/wp-json\/wp\/v2\/types\/post"}],"author":[{"embeddable":true,"href":"https:\/\/fmnuestrasvoces.com.ar\/fmnv\/wp-json\/wp\/v2\/users\/2"}],"replies":[{"embeddable":true,"href":"https:\/\/fmnuestrasvoces.com.ar\/fmnv\/wp-json\/wp\/v2\/comments?post=6109"}],"version-history":[{"count":3,"href":"https:\/\/fmnuestrasvoces.com.ar\/fmnv\/wp-json\/wp\/v2\/posts\/6109\/revisions"}],"predecessor-version":[{"id":6114,"href":"https:\/\/fmnuestrasvoces.com.ar\/fmnv\/wp-json\/wp\/v2\/posts\/6109\/revisions\/6114"}],"wp:featuredmedia":[{"embeddable":true,"href":"https:\/\/fmnuestrasvoces.com.ar\/fmnv\/wp-json\/wp\/v2\/media\/6110"}],"wp:attachment":[{"href":"https:\/\/fmnuestrasvoces.com.ar\/fmnv\/wp-json\/wp\/v2\/media?parent=6109"}],"wp:term":[{"taxonomy":"category","embeddable":true,"href":"https:\/\/fmnuestrasvoces.com.ar\/fmnv\/wp-json\/wp\/v2\/categories?post=6109"},{"taxonomy":"post_tag","embeddable":true,"href":"https:\/\/fmnuestrasvoces.com.ar\/fmnv\/wp-json\/wp\/v2\/tags?post=6109"}],"curies":[{"name":"wp","href":"https:\/\/api.w.org\/{rel}","templated":true}]}}